{"id":4107,"date":"2013-12-22T15:02:28","date_gmt":"2013-12-22T18:02:28","guid":{"rendered":"http:\/\/obispadodezaratecampana.org\/?p=4107"},"modified":"2013-12-30T23:19:43","modified_gmt":"2013-12-31T02:19:43","slug":"co-de-vi-28-y-29-de-diciembre-en-villa-maristas-lujan","status":"publish","type":"post","link":"https:\/\/obispadodezaratecampana.org\/?p=4107","title":{"rendered":"Se realiz\u00f3 la Co. de. Vi Villa Maristas (Luj\u00e1n)"},"content":{"rendered":"<p>Como todos los a\u00f1os, a fines del mes de diciembre, el movimiento de Partida llev\u00f3 a cabo la Comunidad de Vida (Co.de.Vi).<\/p>\n<p>Este a\u00f1o se realiz\u00f3 en Villa Maristas (Lujan), el 28 y 29 de diciembre con asistencia de j\u00f3venes de toda la di\u00f3cesis.<\/p>\n<p>Les compartimos el \u00e1lbum del encuentro que se puede ver en facebook haciendo <a href=\"https:\/\/www.facebook.com\/movimientodepartida.zaratecampana.5\/media_set?set=a.1437406886477398.1073741831.100006243004648&amp;type=1\" target=\"_blank\">click aqu\u00ed<\/a>.<\/p>\n<!-- AddThis Advanced Settings generic via filter on the_content --><!-- AddThis Share Buttons generic via filter on the_content -->","protected":false},"excerpt":{"rendered":"<p>Como todos los a\u00f1os, a fines del mes de diciembre, el movimiento de Partida llev\u00f3 a cabo la Comunidad de Vida (Co.de.Vi). Este a\u00f1o se [&hellip;]<!-- AddThis Advanced Settings generic via filter on get_the_excerpt --><!-- AddThis Share Buttons generic via filter on get_the_excerpt --><\/p>\n","protected":false},"author":2,"featured_media":4108,"comment_status":"open","ping_status":"closed","sticky":false,"template":"","format":"standard","meta":{"footnotes":""},"categories":[4],"tags":[],"class_list":["post-4107","post","type-post","status-publish","format-standard","has-post-thumbnail","hentry","category-movimientosinstituciones"],"_links":{"self":[{"href":"https:\/\/obispadodezaratecampana.org\/index.php?rest_route=\/wp\/v2\/posts\/4107","targetHints":{"allow":["GET"]}}],"collection":[{"href":"https:\/\/obispadodezaratecampana.org\/index.php?rest_route=\/wp\/v2\/posts"}],"about":[{"href":"https:\/\/obispadodezaratecampana.org\/index.php?rest_route=\/wp\/v2\/types\/post"}],"author":[{"embeddable":true,"href":"https:\/\/obispadodezaratecampana.org\/index.php?rest_route=\/wp\/v2\/users\/2"}],"replies":[{"embeddable":true,"href":"https:\/\/obispadodezaratecampana.org\/index.php?rest_route=%2Fwp%2Fv2%2Fcomments&post=4107"}],"version-history":[{"count":3,"href":"https:\/\/obispadodezaratecampana.org\/index.php?rest_route=\/wp\/v2\/posts\/4107\/revisions"}],"predecessor-version":[{"id":4140,"href":"https:\/\/obispadodezaratecampana.org\/index.php?rest_route=\/wp\/v2\/posts\/4107\/revisions\/4140"}],"wp:featuredmedia":[{"embeddable":true,"href":"https:\/\/obispadodezaratecampana.org\/index.php?rest_route=\/wp\/v2\/media\/4108"}],"wp:attachment":[{"href":"https:\/\/obispadodezaratecampana.org\/index.php?rest_route=%2Fwp%2Fv2%2Fmedia&parent=4107"}],"wp:term":[{"taxonomy":"category","embeddable":true,"href":"https:\/\/obispadodezaratecampana.org\/index.php?rest_route=%2Fwp%2Fv2%2Fcategories&post=4107"},{"taxonomy":"post_tag","embeddable":true,"href":"https:\/\/obispadodezaratecampana.org\/index.php?rest_route=%2Fwp%2Fv2%2Ftags&post=4107"}],"curies":[{"name":"wp","href":"https:\/\/api.w.org\/{rel}","templated":true}]}}