{"id":3770,"date":"2013-12-04T11:00:58","date_gmt":"2013-12-04T14:00:58","guid":{"rendered":"http:\/\/obispadodezaratecampana.org\/?p=3770"},"modified":"2013-12-04T11:13:49","modified_gmt":"2013-12-04T14:13:49","slug":"yo-rezo-un-rosario-por-la-mision","status":"publish","type":"post","link":"https:\/\/obispadodezaratecampana.org\/?p=3770","title":{"rendered":"Yo rezo un rosario por la #misionzc"},"content":{"rendered":"<p>En los meses de verano se suelen desarrollar distintas misiones en la di\u00f3cesis de Z\u00e1rate &#8211; Campana llevadas adelante por los grupos juveniles y misioneros de la di\u00f3cesis y acompa\u00f1ados por los sacerdotes que env\u00edan y que reciben a los misioneros. En el transcurso de las mismas los j\u00f3venes visitan a las familias, los invitan a acercarse a la Parroquia y muchas de ellas solicitan recibir los sacramentos.<\/p>\n<p>Por \u00e9sta raz\u00f3n te proponemos apoyar a \u00e9stas misiones a trav\u00e9s del rezo del Rosario, para que la Virgen acompa\u00f1e a los misioneros y suscite en las comunidades el deseo de acercarse a Jesucristo. Apret\u00e1 en el bot\u00f3n azul que dice &#8220;Rezar&#8221; para sumar tu rosario y en el &#8220;Tweet&#8221; para compartir tu oraci\u00f3n con los dem\u00e1s. Si no ten\u00e9s twitter pod\u00e9s hacerlo a trav\u00e9s de facebook haciendo click en &#8220;Compartir&#8221;.<\/p>\n<p>&nbsp;<\/p>\n<p>[amen]<\/p>\n<p>&nbsp;<\/p>\n<p>Si no conoc\u00e9s las misiones de verano de la di\u00f3cesis te compartimos el video de una de ellas:<\/p>\n\n<!-- AddThis Advanced Settings generic via filter on the_content --><!-- AddThis Share Buttons generic via filter on the_content -->","protected":false},"excerpt":{"rendered":"<p>En los meses de verano se suelen desarrollar distintas misiones en la di\u00f3cesis de Z\u00e1rate &#8211; Campana llevadas adelante por los grupos juveniles y misioneros [&hellip;]<!-- AddThis Advanced Settings generic via filter on get_the_excerpt --><!-- AddThis Share Buttons generic via filter on get_the_excerpt --><\/p>\n","protected":false},"author":1,"featured_media":3775,"comment_status":"open","ping_status":"closed","sticky":false,"template":"","format":"standard","meta":{"footnotes":""},"categories":[1],"tags":[105,106,36,122,153],"class_list":["post-3770","post","type-post","status-publish","format-standard","has-post-thumbnail","hentry","category-noticiasdiocesanas","tag-joven","tag-juvenil","tag-mision","tag-rosario","tag-verano"],"_links":{"self":[{"href":"https:\/\/obispadodezaratecampana.org\/index.php?rest_route=\/wp\/v2\/posts\/3770","targetHints":{"allow":["GET"]}}],"collection":[{"href":"https:\/\/obispadodezaratecampana.org\/index.php?rest_route=\/wp\/v2\/posts"}],"about":[{"href":"https:\/\/obispadodezaratecampana.org\/index.php?rest_route=\/wp\/v2\/types\/post"}],"author":[{"embeddable":true,"href":"https:\/\/obispadodezaratecampana.org\/index.php?rest_route=\/wp\/v2\/users\/1"}],"replies":[{"embeddable":true,"href":"https:\/\/obispadodezaratecampana.org\/index.php?rest_route=%2Fwp%2Fv2%2Fcomments&post=3770"}],"version-history":[{"count":7,"href":"https:\/\/obispadodezaratecampana.org\/index.php?rest_route=\/wp\/v2\/posts\/3770\/revisions"}],"predecessor-version":[{"id":3779,"href":"https:\/\/obispadodezaratecampana.org\/index.php?rest_route=\/wp\/v2\/posts\/3770\/revisions\/3779"}],"wp:featuredmedia":[{"embeddable":true,"href":"https:\/\/obispadodezaratecampana.org\/index.php?rest_route=\/wp\/v2\/media\/3775"}],"wp:attachment":[{"href":"https:\/\/obispadodezaratecampana.org\/index.php?rest_route=%2Fwp%2Fv2%2Fmedia&parent=3770"}],"wp:term":[{"taxonomy":"category","embeddable":true,"href":"https:\/\/obispadodezaratecampana.org\/index.php?rest_route=%2Fwp%2Fv2%2Fcategories&post=3770"},{"taxonomy":"post_tag","embeddable":true,"href":"https:\/\/obispadodezaratecampana.org\/index.php?rest_route=%2Fwp%2Fv2%2Ftags&post=3770"}],"curies":[{"name":"wp","href":"https:\/\/api.w.org\/{rel}","templated":true}]}}