{"id":3456,"date":"2013-11-04T22:51:53","date_gmt":"2013-11-05T01:51:53","guid":{"rendered":"http:\/\/obispadodezaratecampana.org\/?p=3456"},"modified":"2013-11-06T17:13:09","modified_gmt":"2013-11-06T20:13:09","slug":"domingo-30-de-noviembre-luz-de-la-paz-de-belen","status":"publish","type":"post","link":"https:\/\/obispadodezaratecampana.org\/?p=3456","title":{"rendered":"S\u00e1bado 30 de noviembre: Luz de la Paz de Belen"},"content":{"rendered":"<p><a href=\"http:\/\/obispadodezaratecampana.org\/wp-content\/uploads\/2013\/11\/luz.jpg\"><img fetchpriority=\"high\" decoding=\"async\" class=\"aligncenter size-medium wp-image-3457\" alt=\"luz\" src=\"http:\/\/obispadodezaratecampana.org\/wp-content\/uploads\/2013\/11\/luz-300x199.jpg\" width=\"300\" height=\"199\" srcset=\"https:\/\/obispadodezaratecampana.org\/wp-content\/uploads\/2013\/11\/luz-300x199.jpg 300w, https:\/\/obispadodezaratecampana.org\/wp-content\/uploads\/2013\/11\/luz.jpg 963w\" sizes=\"(max-width: 300px) 100vw, 300px\" \/><\/a><\/p>\n<p>El pr\u00f3ximo s\u00e1bado 30 de noviembre a las 19 el Obispo Diocesano Mons. Oscar Sarlinga entregar\u00e1 la Luz de la Paz de Bel\u00e9n en la Misa que celebrar\u00e1 en la CoCatedral Natividad del Se\u00f1or en Bel\u00e9n de Escobar. Se invita a asistir a la misma a todas las Asociaciones, Movimientos, Instituciones, Grupos, etc. de todas las Parroquias de la Di\u00f3cesis. Para eso se les pide llevar un candil o vela para encender la Luz de la Paz de Bel\u00e9n. El lema de este a\u00f1o es: \u201cVayan sin miedo a servir\u201d y es con ese esp\u00edritu que se entrega la Luz para ser luego Misioneros y llevar esa Luz a todas las personas y lugares que podamos, d\u00e1ndoles a conocer que no tengan miedo de servir, que les digan a todos que Dios los ama, que conf\u00eden en \u00c9l, que no tengan miedo de abrir las puertas a Cristo. Esta iniciativa de la Luz de la Paz de Bel\u00e9n surgi\u00f3 hace a\u00f1os, inicialmente organizada por la TV austr\u00edaca, la asumi\u00f3 luego el Movimiento Scout Mundial y distribuye en todas las partes posibles la luz encendida en la Bas\u00edlica de la Natividad en Bel\u00e9n, Tierra Santa. Desde hace cuatro a\u00f1os en nuestra patria lo organiza Scouts de Argentina a trav\u00e9s de la Comisi\u00f3n de Pastoral Scout Cat\u00f3lica. Reiteramos que en nuestra Di\u00f3cesis este a\u00f1o la ceremonia de entrega se har\u00e1 en la CoCatedral Natividad del Se\u00f1or, en Bel\u00e9n de Escobar en la Misa de las 19 del s\u00e1bado 30 de noviembre. Est\u00e1n todos invitados y les rogamos difundir esta invitaci\u00f3n. MS Mar\u00eda P\u00eda Sernani Comisionada de Pastoral Scout cat\u00f3lica Di\u00f3cesis de Z\u00e1rate-Campana Scouts de Argentina asociaci\u00f3n Civil<\/p>\n<p>Para mas informaci\u00f3n, pueden ingresar a este espacio poniendo &#8220;Me gusta&#8221; en esta p\u00e1gina de facebook:<\/p>\n<p><a href=\"https:\/\/www.facebook.com\/pages\/COPASCA-Zarate-Campana\/542334839170809?fref=ts\">https:\/\/www.facebook.com\/pages\/COPASCA-Zarate-Campana\/542334839170809?fref=ts<\/a><\/p>\n<p>[image src=&#8221;http:\/\/obispadodezaratecampana.org\/wp-content\/uploads\/2013\/11\/1415887_10202346856221180_638463799_n.jpg&#8221; width=&#8221;266&#8243; height=&#8221;200&#8243; lightbox=&#8221;yes&#8221; align=&#8221;center&#8221;]<\/p>\n<!-- AddThis Advanced Settings generic via filter on the_content --><!-- AddThis Share Buttons generic via filter on the_content -->","protected":false},"excerpt":{"rendered":"<p>El pr\u00f3ximo s\u00e1bado 30 de noviembre a las 19 el Obispo Diocesano Mons. Oscar Sarlinga entregar\u00e1 la Luz de la Paz de Bel\u00e9n en la [&hellip;]<!-- AddThis Advanced Settings generic via filter on get_the_excerpt --><!-- AddThis Share Buttons generic via filter on get_the_excerpt --><\/p>\n","protected":false},"author":2,"featured_media":3457,"comment_status":"open","ping_status":"closed","sticky":false,"template":"","format":"standard","meta":{"footnotes":""},"categories":[1],"tags":[],"class_list":["post-3456","post","type-post","status-publish","format-standard","has-post-thumbnail","hentry","category-noticiasdiocesanas"],"_links":{"self":[{"href":"https:\/\/obispadodezaratecampana.org\/index.php?rest_route=\/wp\/v2\/posts\/3456","targetHints":{"allow":["GET"]}}],"collection":[{"href":"https:\/\/obispadodezaratecampana.org\/index.php?rest_route=\/wp\/v2\/posts"}],"about":[{"href":"https:\/\/obispadodezaratecampana.org\/index.php?rest_route=\/wp\/v2\/types\/post"}],"author":[{"embeddable":true,"href":"https:\/\/obispadodezaratecampana.org\/index.php?rest_route=\/wp\/v2\/users\/2"}],"replies":[{"embeddable":true,"href":"https:\/\/obispadodezaratecampana.org\/index.php?rest_route=%2Fwp%2Fv2%2Fcomments&post=3456"}],"version-history":[{"count":5,"href":"https:\/\/obispadodezaratecampana.org\/index.php?rest_route=\/wp\/v2\/posts\/3456\/revisions"}],"predecessor-version":[{"id":3466,"href":"https:\/\/obispadodezaratecampana.org\/index.php?rest_route=\/wp\/v2\/posts\/3456\/revisions\/3466"}],"wp:featuredmedia":[{"embeddable":true,"href":"https:\/\/obispadodezaratecampana.org\/index.php?rest_route=\/wp\/v2\/media\/3457"}],"wp:attachment":[{"href":"https:\/\/obispadodezaratecampana.org\/index.php?rest_route=%2Fwp%2Fv2%2Fmedia&parent=3456"}],"wp:term":[{"taxonomy":"category","embeddable":true,"href":"https:\/\/obispadodezaratecampana.org\/index.php?rest_route=%2Fwp%2Fv2%2Fcategories&post=3456"},{"taxonomy":"post_tag","embeddable":true,"href":"https:\/\/obispadodezaratecampana.org\/index.php?rest_route=%2Fwp%2Fv2%2Ftags&post=3456"}],"curies":[{"name":"wp","href":"https:\/\/api.w.org\/{rel}","templated":true}]}}