{"id":3449,"date":"2013-11-02T01:29:31","date_gmt":"2013-11-02T04:29:31","guid":{"rendered":"http:\/\/obispadodezaratecampana.org\/?p=3449"},"modified":"2013-11-02T01:29:31","modified_gmt":"2013-11-02T04:29:31","slug":"reunion-donde-se-ultimaron-detalles-de-la-peregrinacion-a-lujan","status":"publish","type":"post","link":"https:\/\/obispadodezaratecampana.org\/?p=3449","title":{"rendered":"Reuni\u00f3n donde se ultimaron detalles de la Peregrinaci\u00f3n a Luj\u00e1n"},"content":{"rendered":"<p>Se llev\u00f3 a cabo la reuni\u00f3n general en la sede del cuartel de Bomberos de Campana donde las diferentes entidades de bien p\u00fablico, fuerzas de seguridad y colaboradores se reunieron para ultimar detalles de lo que ser\u00e1 la 35\u00ba peregrinaci\u00f3n del pueblo de Dios a Luj\u00e1n de la que ser\u00e1n parte nuestra ciudad, Z\u00e1rate, Exaltaci\u00f3n de la Cruz, Pilar, San Antonio de Areco, Escobar y Baradero.<br data-reactid=\".r[5t3ki].[1][4][1]{comment246497065506049_506939}.[0].{right}.[0].{left}.[0].[0].[0][3].[0].[3].[0].[1]\" \/><br data-reactid=\".r[5t3ki].[1][4][1]{comment246497065506049_506939}.[0].{right}.[0].{left}.[0].[0].[0][3].[0].[3].[0].[2]\" \/>Estuvieron presentes el titular de la Comisar\u00eda Primera de Campana, el Jefe de Operaciones de la Departamental Z\u00e1rate-Campana, el Subsecretario de Seguridad Ciudadana del Municipio, Fabio Lambertucci, agentes de CIMOPU, Tr\u00e1nsito, Defensa Civil, Bomberos, Cruz Roja y representantes de la comunidad.<br data-reactid=\".r[5t3ki].[1][4][1]{comment246497065506049_506939}.[0].{right}.[0].{left}.[0].[0].[0][3].[0].[3].[0].[4]\" \/><br data-reactid=\".r[5t3ki].[1][4][1]{comment246497065506049_506939}.[0].{right}.[0].{left}.[0].[0].[0][3].[0].[3].[0].[5]\" \/>Entre otros puntos destacados durante el encuentro qued\u00f3 fijado que, a las 16 desde la Plaza Mitre en la localidad de Z\u00e1rate y a las 18 horas desde la Plaza Dr. Eduardo Costa en Campana partir\u00e1n las columnas de peregrinos que se unir\u00e1n luego en la Ruta N\u00ba 6 que permanecer\u00e1 totalmente cortada al tr\u00e1nsito.<br data-reactid=\".r[5t3ki].[1][4][1]{comment246497065506049_506939}.[0].{right}.[0].{left}.[0].[0].[0][3].[0].[3].[0].[7]\" \/><br data-reactid=\".r[5t3ki].[1][4][1]{comment246497065506049_506939}.[0].{right}.[0].{left}.[0].[0].[0][3].[0].[3].[0].[8]\" \/>Durante el trayecto est\u00e1n previstasr algunas paradas: en Los Cardales, en el cruce de Ruta N\u00ba 8 y Ruta N\u00ba 6 donde se sumar\u00e1n los fieles de Pilar, Baradero y Exaltaci\u00f3n de la Cruz; y por \u00faltimo en el pueblo de Open Door.<br data-reactid=\".r[5t3ki].[1][4][1]{comment246497065506049_506939}.[0].{right}.[0].{left}.[0].[0].[0][3].[0].[3].[0].[10]\" \/><br data-reactid=\".r[5t3ki].[1][4][1]{comment246497065506049_506939}.[0].{right}.[0].{left}.[0].[0].[0][3].[0].[3].[0].[11]\" \/>Es importante destacar que solo el trazado oficial ser\u00e1 el \u00fanico protegido por las fuerzas policiales y de seguridad, as\u00ed como tambi\u00e9n asistido por los gu\u00edas de ruta y m\u00f3viles de apoyo. Toda la coordinaci\u00f3n de la peregrinaci\u00f3n est\u00e1 a cargo de la Direcci\u00f3n de Culto de la Provincia de Buenos Aires.<br data-reactid=\".r[5t3ki].[1][4][1]{comment246497065506049_506939}.[0].{right}.[0].{left}.[0].[0].[0][3].[0].[3].[0].[13]\" \/><br data-reactid=\".r[5t3ki].[1][4][1]{comment246497065506049_506939}.[0].{right}.[0].{left}.[0].[0].[0][3].[0].[3].[0].[14]\" \/>Adem\u00e1s, todos aquellos que tengan que transitar ese d\u00eda por la Ruta Provincial N\u00ba6, deber\u00e1n considerar que estar\u00e1 cortada por tramos mano a Luj\u00e1n desde Z\u00e1rate y solo podr\u00e1n circular veh\u00edculos autorizados.<br data-reactid=\".r[5t3ki].[1][4][1]{comment246497065506049_506939}.[0].{right}.[0].{left}.[0].[0].[0][3].[0].[3].[0].[16]\" \/><br data-reactid=\".r[5t3ki].[1][4][1]{comment246497065506049_506939}.[0].{right}.[0].{left}.[0].[0].[0][3].[0].[3].[0].[17]\" \/>La Bas\u00edlica abrir\u00e1 sus puertas a las 2 de la ma\u00f1ana. Habr\u00e1 sacerdotes confesando, momentos para la reflexi\u00f3n hasta las 6 de la ma\u00f1ana cuando Nuestro Obispo Diocesano, Mons. Oscar Sarlinga presidir\u00e1 la celebraci\u00f3n eucar\u00edstica.<br data-reactid=\".r[5t3ki].[1][4][1]{comment246497065506049_506939}.[0].{right}.[0].{left}.[0].[0].[0][3].[0].[3].[0].[19]\" \/><br data-reactid=\".r[5t3ki].[1][4][1]{comment246497065506049_506939}.[0].{right}.[0].{left}.[0].[0].[0][3].[0].[3].[0].[20]\" \/>De esta manera se dispone la 35\u00ba peregrinaci\u00f3n con car\u00e1cter interinstitucional y con gran participaci\u00f3n de nuestra gente, que ya se est\u00e1 preparando para ese acontecimiento de Fe. Informes: peregrinacionalujan@gmail.com&#8221; y tambi\u00e9n a trav\u00e9s de las redes sociales Facebook: peregrinacion.lujanzc y Twitter:@perelujanzc<\/p>\n<p>Fuente:\u00a0<a href=\"http:\/\/www.laautenticadefensa.net\/107447#hehwO4k8leTiqJVR.99\">http:\/\/www.laautenticadefensa.net\/107447#hehwO4k8leTiqJVR.99<\/a><\/p>\n<!-- AddThis Advanced Settings generic via filter on the_content --><!-- AddThis Share Buttons generic via filter on the_content -->","protected":false},"excerpt":{"rendered":"<p>Se llev\u00f3 a cabo la reuni\u00f3n general en la sede del cuartel de Bomberos de Campana donde las diferentes entidades de bien p\u00fablico, fuerzas de [&hellip;]<!-- AddThis Advanced Settings generic via filter on get_the_excerpt --><!-- AddThis Share Buttons generic via filter on get_the_excerpt --><\/p>\n","protected":false},"author":2,"featured_media":3451,"comment_status":"open","ping_status":"closed","sticky":false,"template":"","format":"standard","meta":{"footnotes":""},"categories":[1],"tags":[],"class_list":["post-3449","post","type-post","status-publish","format-standard","has-post-thumbnail","hentry","category-noticiasdiocesanas"],"_links":{"self":[{"href":"https:\/\/obispadodezaratecampana.org\/index.php?rest_route=\/wp\/v2\/posts\/3449","targetHints":{"allow":["GET"]}}],"collection":[{"href":"https:\/\/obispadodezaratecampana.org\/index.php?rest_route=\/wp\/v2\/posts"}],"about":[{"href":"https:\/\/obispadodezaratecampana.org\/index.php?rest_route=\/wp\/v2\/types\/post"}],"author":[{"embeddable":true,"href":"https:\/\/obispadodezaratecampana.org\/index.php?rest_route=\/wp\/v2\/users\/2"}],"replies":[{"embeddable":true,"href":"https:\/\/obispadodezaratecampana.org\/index.php?rest_route=%2Fwp%2Fv2%2Fcomments&post=3449"}],"version-history":[{"count":1,"href":"https:\/\/obispadodezaratecampana.org\/index.php?rest_route=\/wp\/v2\/posts\/3449\/revisions"}],"predecessor-version":[{"id":3452,"href":"https:\/\/obispadodezaratecampana.org\/index.php?rest_route=\/wp\/v2\/posts\/3449\/revisions\/3452"}],"wp:featuredmedia":[{"embeddable":true,"href":"https:\/\/obispadodezaratecampana.org\/index.php?rest_route=\/wp\/v2\/media\/3451"}],"wp:attachment":[{"href":"https:\/\/obispadodezaratecampana.org\/index.php?rest_route=%2Fwp%2Fv2%2Fmedia&parent=3449"}],"wp:term":[{"taxonomy":"category","embeddable":true,"href":"https:\/\/obispadodezaratecampana.org\/index.php?rest_route=%2Fwp%2Fv2%2Fcategories&post=3449"},{"taxonomy":"post_tag","embeddable":true,"href":"https:\/\/obispadodezaratecampana.org\/index.php?rest_route=%2Fwp%2Fv2%2Ftags&post=3449"}],"curies":[{"name":"wp","href":"https:\/\/api.w.org\/{rel}","templated":true}]}}