{"id":3420,"date":"2013-10-31T17:00:00","date_gmt":"2013-10-31T20:00:00","guid":{"rendered":"http:\/\/obispadodezaratecampana.org\/?p=3420"},"modified":"2013-11-01T00:57:51","modified_gmt":"2013-11-01T03:57:51","slug":"peregrinacion-a-lujan-en-vivo","status":"publish","type":"post","link":"https:\/\/obispadodezaratecampana.org\/?p=3420","title":{"rendered":"Peregrinaci\u00f3n a Luj\u00e1n en vivo"},"content":{"rendered":"<p>Segu\u00ed la transmisi\u00f3n de la peregrinaci\u00f3n a Luj\u00e1n que FM Santa Mar\u00eda realizar\u00e1 desde el s\u00e1bado a las 16 hs. hasta el domingo finalizada la misa. La transmisi\u00f3n se realiza en vivo desde los estudios en Campana con m\u00f3vil en vivo desde la peregrinaci\u00f3n y participaci\u00f3n de los oyentes (Tel.\u00a003489 \u2013 427111 \/ 438785)<\/p>\n<p><object width=\"500\" height=\"20\" classid=\"clsid:d27cdb6e-ae6d-11cf-96b8-444553540000\" codebase=\"http:\/\/download.macromedia.com\/pub\/shockwave\/cabs\/flash\/swflash.cab#version=6,0,40,0\"><param name=\"allowScriptAccess\" value=\"never\" \/><param name=\"allowNetworking\" value=\"internal\" \/><param name=\"wmode\" value=\"transparent\" \/><param name=\"flashvars\" value=\"file=http:\/\/199.91.172.100:8242\/;stream.nsv&amp;type=mp3&amp;volume=50&amp;autostart=false&amp;&amp;backcolor=#666666&amp;frontcolor=0xFFFFFF&amp;lightcolor=0x000000\" \/><param name=\"src\" value=\"http:\/\/www.radioon.com.ar\/envivo\/mediaplayer.swf\" \/><param name=\"allowscriptaccess\" value=\"never\" \/><param name=\"allownetworking\" value=\"internal\" \/><embed width=\"500\" height=\"20\" type=\"application\/x-shockwave-flash\" src=\"http:\/\/www.radioon.com.ar\/envivo\/mediaplayer.swf\" allowScriptAccess=\"never\" allowNetworking=\"internal\" wmode=\"transparent\" flashvars=\"file=http:\/\/199.91.172.100:8242\/;stream.nsv&amp;type=mp3&amp;volume=50&amp;autostart=false&amp;&amp;backcolor=#666666&amp;frontcolor=0xFFFFFF&amp;lightcolor=0x000000\" allowscriptaccess=\"never\" allownetworking=\"internal\" \/><\/object><\/p>\n<p>[divide]<\/p>\n<p>[one_half] <a href=\"https:\/\/www.facebook.com\/obispadozc?fref=ts\" target=\"_blank\">Click aqu\u00ed<\/a>\u00a0para ingresar al facebook del Obispado de Z\u00e1rate &#8211; Campana con actualizaciones e im\u00e1genes sobre la peregrinaci\u00f3n.\u00a0[image src=&#8221;http:\/\/obispadodezaratecampana.org\/wp-content\/uploads\/2013\/11\/faceobi.jpg&#8221; width=&#8221;270&#8243; height=&#8221;200&#8243; lightbox=&#8221;no&#8221; url=&#8221;https:\/\/www.facebook.com\/obispadozc&#8221; align=&#8221;left&#8221;][\/one_half]<\/p>\n<p>[one_half_last] [alfie_wp_weather woeid=&#8221;466996&#8243; country=0 condition=0 units=&#8221;c&#8221;]\u00a0\u00a0[\/one_half_last]<\/p>\n<p>[divide]<\/p>\n<p>Canci\u00f3n de la peregrinaci\u00f3n: &#8220;Feliz de ti por haber cre\u00eddo&#8221;<\/p>\n<p>[soundcloud url=&#8221;https:\/\/api.soundcloud.com\/tracks\/116897749&#8243; width=&#8221;100%&#8221; height=&#8221;166&#8243; iframe=&#8221;true&#8221; \/]<\/p>\n<p>[divide]<\/p>\n<p>[toggle style=&#8221;closed&#8221; title=&#8221;Oraciones principales&#8221;]<\/p>\n<p><center>AVEMAR\u00cdA<a href=\"http:\/\/www.devocionario.com\/maria\/oraciones_1.html#N1\"><br \/>\n<\/a><a name=\"P1\"><\/a><\/center><center><\/center>Dios te salve, Mar\u00eda, llena de gracia, el Se\u00f1or es contigo. Bendita eres entre todas las mujeres y bendito es el fruto de tu vientre, Jes\u00fas.<\/p>\n<p>Santa Mar\u00eda, Madre de Dios, ruega por nosotros pecadores ahora y en la hora de nuestra muerte. Am\u00e9n.<\/p>\n<p>&nbsp;<\/p>\n<p><center>__________<\/center>&nbsp;<\/p>\n<p><center><a name=\"02\"><\/a>SALVE<\/center><center><\/center><center><\/center>Dios te salve, Reina y Madre de misericordia, vida, dulzura y esperanza nuestra; Dios te salve. A Ti llamamos los desterrados hijos de Eva; a Ti suspiramos, gimiendo y llorando, en este valle de l\u00e1grimas. Ea, pues, Se\u00f1ora, abogada nuestra, vuelve a nosotros esos tus ojos misericordiosos; y despu\u00e9s de este destierro mu\u00e9stranos a Jes\u00fas, fruto bendito de tu vientre. \u00a1Oh clement\u00edsima, oh piadosa, oh dulce siempre Virgen Mar\u00eda!<\/p>\n<p>V.Ruega por nosotros, Santa Madre de Dios.<br \/>\nR.Para que seamos dignos de alcanzar las promesas de Nuestro Se\u00f1or Jesucristo.<\/p>\n<p>Oraci\u00f3n<br \/>\nOmnipotente y sempiterno Dios, que con la cooperaci\u00f3n del Esp\u00edritu Santo, preparaste el cuerpo y el alma de la gloriosa Virgen y Madre Mar\u00eda para que fuese merecedora de ser digna morada de tu Hijo; conc\u00e9denos que, pues celebramos con alegr\u00eda su conmemoraci\u00f3n, por su piadosa intercesi\u00f3n seamos liberados de los males presentes y de la muerte eterna. Por el mismo Cristo nuestro Se\u00f1or.<\/p>\n<p>R.Am\u00e9n<\/p>\n<p>&nbsp;<\/p>\n<p><center>__________<\/center>&nbsp;<\/p>\n<p><center><a name=\"03\"><\/a>ACORDAOS<a href=\"http:\/\/www.devocionario.com\/maria\/oraciones_1.html#N2\"><br \/>\n<\/a><a name=\"P2\"><\/a><\/center><center><\/center><center><\/center>Acordaos, \u00a1oh piados\u00edsima Virgen Mar\u00eda!, que jam\u00e1s se ha o\u00eddo decir que ninguno de los que han acudido a vuestra protecci\u00f3n, implorando vuestro auxilio, haya sido desamparado. Animado por esta confianza, a Vos acudo, oh Madre, Virgen de las v\u00edrgenes, y gimiendo bajo el peso de mis pecados me atrevo a comparecer ante Vos. Oh madre de Dios, no desech\u00e9is mis s\u00faplicas, antes bien, escuchadlas y acogedlas benigna mente. Am\u00e9n.<\/p>\n<p>&nbsp;<\/p>\n<p><center>__________<\/center>&nbsp;<\/p>\n<p><center><a name=\"04\"><\/a>BENDITA SEA TU PUREZA<\/center><center><\/center><center><\/center>Bendita sea tu pureza y eternamente lo sea, pues todo un Dios se recrea, en tan graciosa belleza. A Ti celestial princesa, Virgen Sagrada Mar\u00eda, te ofrezco en este d\u00eda, alma vida y coraz\u00f3n. M\u00edrame con compasi\u00f3n, no me dejes, Madre m\u00eda. Am\u00e9n.<\/p>\n<p>&nbsp;<\/p>\n<p><center>__________<\/center>&nbsp;<\/p>\n<p><center><a name=\"05\"><\/a>BAJO TU AMPARO<\/center><center><\/center><center><\/center>Bajo tu amparo nos acogemos, Santa Madre de Dios, no desprecies nuestras s\u00faplicas en las necesidades, antes bien l\u00edbranos de todo peligro, oh Virgen gloriosa y bendita. Am\u00e9n.<\/p>\n<p>&nbsp;<\/p>\n<p><center>__________<\/center>&nbsp;<\/p>\n<p><center><a name=\"06\"><\/a>OFRECIMIENTO A LA SANT\u00cdSIMA VIRGEN<\/center><center><\/center><center><\/center>\u00a1Oh Se\u00f1ora m\u00eda! \u00a1Oh Madre m\u00eda! Yo me ofrezco enteramente a ti y en prueba de mi filial afecto te consagro en este d\u00eda, mis ojos, mis o\u00eddos, mi lengua, mi coraz\u00f3n; en una palabra, todo mi ser. Ya que soy todo tuyo Oh Madre de bondad, guardame y defi\u00e9ndeme como a pertenencia y posesi\u00f3n tuya. Am\u00e9n.<\/p>\n<p>&nbsp;<\/p>\n<p><center>__________<\/center>&nbsp;<\/p>\n<p><center><a name=\"06\"><\/a>MAGNIFICAT<\/center>&nbsp;<\/p>\n<p>\u00a1Oh Se\u00f1ora m\u00eda! \u00a1Oh Madre m\u00eda! Yo me ofrezco enteramente a ti y en prueba de mi filial afecto te consagro en este d\u00eda, mis ojos, mis o\u00eddos, mi lengua, mi coraz\u00f3n; en una palabra, todo mi ser. Ya que soy todo tuyo Oh Madre de bondad, guardame y defi\u00e9ndeme como a pertenencia y posesi\u00f3n tuya. Am\u00e9n.<\/p>\n<p>&nbsp;<\/p>\n<p><center>__________<\/center>&nbsp;<\/p>\n<p><center><a name=\"06\"><\/a><span style=\"color: #333333;\">ANGELUS<\/span><\/center><\/p>\n<p style=\"text-align: left;\" align=\"center\">V. El \u00c1ngel del Se\u00f1or anunci\u00f3 a Mar\u00eda.<br \/>\nR. Y concibi\u00f3 del Esp\u00edritu Santo.<br \/>\nAve Mar\u00eda.<\/p>\n<p style=\"text-align: left;\" align=\"center\">V. He aqu\u00ed la esclava del Se\u00f1or.<br \/>\nR. H\u00e1gase en mi seg\u00fan tu palabra.<br \/>\nAve Mar\u00eda.<\/p>\n<p style=\"text-align: left;\" align=\"center\">V. El Verbo se hizo carne.<br \/>\nR. Y habit\u00f3 entre nosotros.<br \/>\nAve Mar\u00eda.<\/p>\n<p style=\"text-align: left;\" align=\"center\">V. Ruega por nosotros, Santa Madre de Dios.<br \/>\nR. Para que seamos dignos de alcanzar las promesas de Nuestro Se\u00f1or Jesucristo.<\/p>\n<p style=\"text-align: left;\" align=\"center\">*Oraci\u00f3n<br \/>\nTe suplicamos, Se\u00f1or,<br \/>\nque derrames tu gracia en nuestras almas<br \/>\npara que los que, por el anuncio del \u00c1ngel<br \/>\nhemos conocido la Encarnaci\u00f3n de tu Hijo Jesucristo, por su Pasi\u00f3n y Cruz<br \/>\nseamos llevados a la gloria de su Resurrecci\u00f3n.<br \/>\nPor el mismo Jesucristo Nuestro Se\u00f1or.<br \/>\nR Am\u00e9n.<\/p>\n<p>[\/toggle]<\/p>\n<p>[toggle style=&#8221;closed&#8221; title=&#8221;Otras oraciones&#8221;]<\/p>\n<p style=\"text-align: center;\">PLEGARIA DE CONFIANZA<\/p>\n<p>\u00a1Oh Coraz\u00f3n de Mar\u00eda!, el m\u00e1s amable y compasivo de los corazones despu\u00e9s del de Jes\u00fas, Trono de las misericordias divinas en favor de los miserables pecadores; yo, reconoci\u00e9ndome sumamente necesitado, acudo a Vos a quien el Se\u00f1or ha puesto todo el tesoro de sus bondades con plen\u00edsima seguridad de ser por Vos socorrido. Vos sois mi refugio. mi amparo, mi esperanza; por esto os digo y os dir\u00e9 en todos mis apuros y peligros: \u00a1Oh dulce Coraz\u00f3n de Mar\u00eda, sed la salvaci\u00f3n m\u00eda! Cuando la enfermedad me aflija, o me oprima la tristeza, o la espina de la tribulaci\u00f3n llegue a mi alma, \u00a1Oh Coraz\u00f3n de Mar\u00eda, sed la salvaci\u00f3n m\u00eda! Cuando el mundo, el demonio y mis propias pasiones coaligadas para mi eterna perdici\u00f3n me persigan con sus tentaciones y quieran hacerme perder el tesoro de la divina gracia, \u00a1Oh Coraz\u00f3n de Mar\u00eda, sed la salvaci\u00f3n m\u00eda! En la hora de mi muerte, en aquel momento espantoso de que depende mi eternidad, cuando se aumenten las angustias de mi alma y los ataques de mis enemigos, \u00a1Oh dulce Coraz\u00f3n de Mar\u00eda, sed la salvaci\u00f3n m\u00eda. Y cuando mi alma pecadora se presente ante el tribunal de Jesucristo para rendirle cuenta de toda su vida, venid Vos a defenderla y a ampararla. y entonces; ahora y siempre, \u00a1Oh dulce Coraz\u00f3n de Mar\u00eda, sed la salvaci\u00f3n m\u00eda! Estas gracias espero alcanzar de Vos, Oh Coraz\u00f3n amant\u00edsimo de mi Madre a fin de que pueda veros y gozar de Dios en Vuestra compa\u00f1\u00eda por toda la eternidad en el cielo. Am\u00e9n.<\/p>\n<p>&nbsp;<\/p>\n<p style=\"text-align: center;\">__________<\/p>\n<p>&nbsp;<\/p>\n<p style=\"text-align: center;\">ORACI\u00d3N A NUESTRA SE\u00d1ORA DE LUJ\u00c1N<\/p>\n<p>&nbsp;<\/p>\n<p>Virgen Mar\u00eda, Madre de Dios y Madre nuestra. Nuestra Se\u00f1ora de Luj\u00e1n, Patrona de nuestra Patria; hoy alzamos nuestros ojos y nuestros brazos hacia t\u00ed&#8230; Madre de la Esperanza, de los pobres y de los peregrinos, esc\u00fachanos&#8230; Hoy te pedimos por Argentina, por nuestro pueblo. Ilumina nuestra patria con el sol de justicia, con la luz de una ma\u00f1ana nueva, que es la luz de Jes\u00fas. Enciende el fuego nuevo del amor entre hermanos. Unidos estamos bajo la celeste y blanca de nuestra bandera, y los colores de tu manto, para contarte que: hoy falta el pan material en muchas, muchas casas, pero tambi\u00e9n falta el pan de la verdad y la justicia en muchas mentes. Falta el pan del amor entre hermanos y falta el pan de Jes\u00fas en los corazones. Te pedimos madre, que extingas el odio, que ahogues las ambiciones desmedidas, que arranques el ansia febril de solamente los bienes materiales y derrama sobre nuestro suelo, la semilla de la humildad, de la comprensi\u00f3n. Ahoga la mala hierba de la soberbia, que ning\u00fan Ca\u00edn pueda plantar su tienda sobre nuestro suelo, pero tampoco que ning\u00fan Abel inocente ba\u00f1e con su sangre nuestras calles. Haz madre que comprendamos que somos hermanos, nacidos bajo un mismo cielo, y bajo una misma bandera. Que sufrimos todos juntos las mismas penas y las mismas alegr\u00edas. Ilumina nuestra esperanza, alivia nuestra pobreza material y espiritual y que tomados de tu mano digamos m\u00e1s fuerte que nunca: \u00a1ARGENTINA! \u00a1ARGENTINA, CANTA Y CAMINA!<\/p>\n<p>&nbsp;<\/p>\n<p style=\"text-align: center;\">__________<\/p>\n<p>&nbsp;<\/p>\n<p style=\"text-align: center;\">NOVENA DE CONFIANZA AL INMACULADO CORAZ\u00d3N<\/p>\n<p>\u00a1Oh Mar\u00eda! En tus manos pongo esta s\u00faplica. Bend\u00edcela. Despu\u00e9s pres\u00e9ntala a Jes\u00fas. Haz valer tu amor de Madre y tu poder de Reina. \u00a1Oh Mar\u00eda! Cuento con tu ayuda. Conf\u00edo en tu poder. Me entrego a tu voluntad. Estoy seguro de tu misericordia. Madre de Dios y Madre m\u00eda, ruega por m\u00ed. \u00a1Dulce coraz\u00f3n de Mar\u00eda sed mi salvaci\u00f3n!.<\/p>\n<p>&nbsp;<\/p>\n<p style=\"text-align: center;\">__________<\/p>\n<p>&nbsp;<\/p>\n<p style=\"text-align: center;\">ORACI\u00d3N POR MEDIO DEL CORAZ\u00d3N DE MAR\u00cdA<\/p>\n<p>Clement\u00edsimo Dios, que para salvaci\u00f3n de pecadores y refugio de desgraciados, quisiste que el Coraz\u00f3n inmaculado de Mar\u00eda fuese lo m\u00e1s parecido en caridad y misericordia al divino Coraz\u00f3n de su Hijo Jesucristo: conc\u00e9denos, por la intercesi\u00f3n y m\u00e9ritos del dulc\u00edsimo y amant\u00edsimo Coraz\u00f3n que ahora conmemoramos, el llegar a ser semejantes al Coraz\u00f3n de Jes\u00fas.[\/toggle]<\/p>\n<p>[toggle style=&#8221;closed&#8221; title=&#8221;Homil\u00eda del Cardenal Jorge Mario Bergoglio (hoy Papa Francisco) en Luj\u00e1n 2012&#8243;]Hoy terminamos esta peregrinaci\u00f3n a la Casa de la Virgen y como hacemos en cada visita, nos quedamos en silencio ante su Imagen. La tenemos cerca, nos recibe en la entrada de su Casa este a\u00f1o, \u00e9sta Casa que est\u00e1n terminando de poner linda. Por eso estamos tan agradecidos a todos aquellos que han puesto su esfuerzo para esto. Pero lo m\u00e1s importante es que tenemos esta necesidad de rezar y contarle a nuestra Madre todo lo que compartimos en nuestra vida, y lo que compartimos con tantos peregrinos en el camino. Ahora, al escuchar el Evangelio que nos cuenta ese momento sagrado en el que Jes\u00fas nos deja a su Madre para que nos proteja, miramos la cruz y nos aferramos a su compa\u00f1\u00eda, la compa\u00f1\u00eda de la Virgen y la de Jes\u00fas. Nuestros caminos est\u00e1n protegidos por ellos dos. Nuestra fe est\u00e1 en ellos, nuestra fe est\u00e1 aqu\u00ed, esta es la Casa de la fe de nuestra Patria! Por eso ahora rezamos y sentimos como late nuestro coraz\u00f3n porque estamos en la Casa de nuestra Madre, en la Casa de la fe de nuestra Patria. Y hoy, en la Casa de nuestra Madre le venimos a hacer un pedido: que nos ense\u00f1e a trabajar por la justicia. \u00bfSaben ustedes a qui\u00e9n se le ocurri\u00f3 hacer este pedido? A ustedes mismos. S\u00ed, porque en las oraciones que escriben cuando visitan Luj\u00e1n fue apareciendo esta oraci\u00f3n que hoy es el lema: \u201cMadre, ense\u00f1anos a trabajar por la justicia\u201d. Es un lema que late en el coraz\u00f3n de los peregrinos de la Virgen y que se ha hecho oraci\u00f3n. Peregrinos que somos los hijos de esta querida patria nuestra. Luj\u00e1n es la Casa de todos los hijos de la Virgen y por eso estamos haci\u00e9ndole este pedido: que nos ense\u00f1e a trabajar por la justicia, y que nos ense\u00f1e a trabajar por ser personas justas en la vida. Posiblemente este pedido, hecho aqu\u00ed en Luj\u00e1n, haya surgido del coraz\u00f3n de tantos peregrinos despu\u00e9s de haber sido recibidos y escuchados. Porque aqu\u00ed en Luj\u00e1n, a cada peregrino se lo recibe y se lo escucha. Y ser recibidos y escuchados es un gran acto de justicia; y gracias a esto estamos en paz, rezando y nos brotan cosas muy sinceras en el coraz\u00f3n, en la oraci\u00f3n con la Virgen. Y por eso surge esta necesidad de ser m\u00e1s hermanos, ocuparnos m\u00e1s y mejor unos de otros. Esto ya es ser justos. Aqu\u00ed en Luj\u00e1n aprendemos a ser personas justas, porque con el coraz\u00f3n sereno y perdonado, nos llenamos del amor de Dios, por eso la mirada es mucho m\u00e1s profunda. Es mirar la vida desde Dios, es mirar la vida con Dios, que es El justo, el gran Justo. Cu\u00e1nto bien nos hace venir a Luj\u00e1n para aprender a ser buenos hijos, buenos hermanos, que se ocupan por el bien de los otros. Por eso aqu\u00ed hacemos este pedido para todos nosotros, para toda nuestra Patria. Es el mejor lugar para hacerlo. Que aprendamos todos a trabajar por la justicia y para esto, que siempre tengamos el coraz\u00f3n abierto, el coraz\u00f3n grande que nos anime a hacer este pedido. Que a nadie le falte esa actitud del coraz\u00f3n, la de tener que aprender cada d\u00eda a ser m\u00e1s justos en la vida. Que se nos ense\u00f1e d\u00f3nde habr\u00e1 que poner una mirada m\u00e1s abierta y disponible, menos ego\u00edsta o interesada, que se nos ense\u00f1e a que no hagamos la nuestra, a que no se diga de cada uno de nosotros: \u201cEste hace la suya\u201d, sino hacer una mirada, una gran mirada que nos haga hermanos, que nos preocupemos siempre por los dem\u00e1s. \u00bfY c\u00f3mo puede ayudar la Virgen a trabajar por la justicia? Lo vamos a pensar juntos durante esta Misa y mir\u00e1ndola a Ella, en la puerta de la Bas\u00edlica o mirando la Bas\u00edlica. Ustedes vinieron en peregrinaci\u00f3n ofreciendo sus vidas por los otros, rezando por tantas necesidades, las de ustedes o esas que les pidieron que \u201ctrajeran\u201d en el coraz\u00f3n hasta aqu\u00ed los amigos, los vecinos, los familiares\u2026 Ya que vas a Lujan, llev\u00e1 una intenci\u00f3n m\u00eda, pedile a la Virgen por esto\u2026 Al llegar al Santuario vivimos esto tan lindo de ser recibidos, y esto es lo que nos llena el coraz\u00f3n, nos da esperanza y as\u00ed es como podemos continuar la vida: con la bendici\u00f3n de Jes\u00fas y de su Madre. Y de esta manera, con Jes\u00fas y con su Madre, es como podemos trabajar por la justicia. Porque cuando nos reconocemos hijos y hermanos, es cuando en nuestro coraz\u00f3n nace esa actitud generosa por la vida y es cuando buscamos lo mejor y m\u00e1s grande para los otros. Jes\u00fas en la Cruz nos entrega su vida y le pide a la Virgen que nos cuide. Jes\u00fas lleg\u00f3 a la Cruz para que ese gesto fuera reconciliador, hablara de justicia a todos. \u00a1El nos hizo justos, El nos justific\u00f3 con su vida, con su muerte y su resurrecci\u00f3n\u2026! \u00a1Y si hoy podemos tener la frente alta, la frente de ser bautizados, la frente de decir \u201csomos hijos de Dios\u201d es porque El nos justific\u00f3, El nos hizo justos, El no se mir\u00f3 as\u00ed mismo sino que nos mir\u00f3 a nosotros!. Hagamos lo mismo: miremos a los dem\u00e1s y ayud\u00e9monos a crecer por la justicia. A la Virgen le pedimos fuerza para trabajar por la justicia. Le pedimos serenidad cuando haya dificultades. Le pedimos que seamos hermanos para poder compartir el camino. Y le pedimos a ella, que es Madre, que no nos falte el silencio de la oraci\u00f3n: no vamos a poder ser justos si no lo rezamos, que no vamos a poder ser justos si no lo pedimos. Por eso le pedimos que no nos falte el silencio de la oraci\u00f3n y las ganas de peregrinar para ofrecer la vida por los otros. Que ella nos conceda \u00e9sta gracia. Que as\u00ed sea. Luj\u00e1n, 7 de octubre de 2012 Card. Jorge Mario Bergoglio, s.j. Arzobispo de Buenos Aires[\/toggle]<\/p>\n<p>[divide]<\/p>\n<p>[image src=&#8221;http:\/\/obispadodezaratecampana.org\/wp-content\/uploads\/2013\/10\/fiestao1.jpg&#8221; width=&#8221;360&#8243; height=&#8221;480&#8243; lightbox=&#8221;yes&#8221; align=&#8221;center&#8221;]<\/p>\n<!-- AddThis Advanced Settings generic via filter on the_content --><!-- AddThis Share Buttons generic via filter on the_content -->","protected":false},"excerpt":{"rendered":"<p>Segu\u00ed la transmisi\u00f3n de la peregrinaci\u00f3n a Luj\u00e1n que FM Santa Mar\u00eda realizar\u00e1 desde el s\u00e1bado a las 16 hs. hasta el domingo finalizada la [&hellip;]<!-- AddThis Advanced Settings generic via filter on get_the_excerpt --><!-- AddThis Share Buttons generic via filter on get_the_excerpt --><\/p>\n","protected":false},"author":1,"featured_media":3421,"comment_status":"open","ping_status":"closed","sticky":false,"template":"","format":"standard","meta":{"footnotes":""},"categories":[1],"tags":[],"class_list":["post-3420","post","type-post","status-publish","format-standard","has-post-thumbnail","hentry","category-noticiasdiocesanas"],"_links":{"self":[{"href":"https:\/\/obispadodezaratecampana.org\/index.php?rest_route=\/wp\/v2\/posts\/3420","targetHints":{"allow":["GET"]}}],"collection":[{"href":"https:\/\/obispadodezaratecampana.org\/index.php?rest_route=\/wp\/v2\/posts"}],"about":[{"href":"https:\/\/obispadodezaratecampana.org\/index.php?rest_route=\/wp\/v2\/types\/post"}],"author":[{"embeddable":true,"href":"https:\/\/obispadodezaratecampana.org\/index.php?rest_route=\/wp\/v2\/users\/1"}],"replies":[{"embeddable":true,"href":"https:\/\/obispadodezaratecampana.org\/index.php?rest_route=%2Fwp%2Fv2%2Fcomments&post=3420"}],"version-history":[{"count":24,"href":"https:\/\/obispadodezaratecampana.org\/index.php?rest_route=\/wp\/v2\/posts\/3420\/revisions"}],"predecessor-version":[{"id":3440,"href":"https:\/\/obispadodezaratecampana.org\/index.php?rest_route=\/wp\/v2\/posts\/3420\/revisions\/3440"}],"wp:featuredmedia":[{"embeddable":true,"href":"https:\/\/obispadodezaratecampana.org\/index.php?rest_route=\/wp\/v2\/media\/3421"}],"wp:attachment":[{"href":"https:\/\/obispadodezaratecampana.org\/index.php?rest_route=%2Fwp%2Fv2%2Fmedia&parent=3420"}],"wp:term":[{"taxonomy":"category","embeddable":true,"href":"https:\/\/obispadodezaratecampana.org\/index.php?rest_route=%2Fwp%2Fv2%2Fcategories&post=3420"},{"taxonomy":"post_tag","embeddable":true,"href":"https:\/\/obispadodezaratecampana.org\/index.php?rest_route=%2Fwp%2Fv2%2Ftags&post=3420"}],"curies":[{"name":"wp","href":"https:\/\/api.w.org\/{rel}","templated":true}]}}