{"id":3401,"date":"2013-10-31T00:40:39","date_gmt":"2013-10-31T03:40:39","guid":{"rendered":"http:\/\/obispadodezaratecampana.org\/?p=3401"},"modified":"2013-11-08T23:35:38","modified_gmt":"2013-11-09T02:35:38","slug":"instituto-superior-docente-y-tecnico-san-pedro-y-san-pablo","status":"publish","type":"post","link":"https:\/\/obispadodezaratecampana.org\/?p=3401","title":{"rendered":"Instituto Superior Docente y T\u00e9cnico: San Pedro y San Pablo"},"content":{"rendered":"<p><a href=\"http:\/\/obispadodezaratecampana.org\/wp-content\/uploads\/2013\/10\/carreras2014.jpg\"><img fetchpriority=\"high\" decoding=\"async\" class=\"aligncenter size-medium wp-image-3404\" alt=\"carreras2014\" src=\"http:\/\/obispadodezaratecampana.org\/wp-content\/uploads\/2013\/10\/carreras2014-300x225.jpg\" width=\"300\" height=\"225\" srcset=\"https:\/\/obispadodezaratecampana.org\/wp-content\/uploads\/2013\/10\/carreras2014-300x225.jpg 300w, https:\/\/obispadodezaratecampana.org\/wp-content\/uploads\/2013\/10\/carreras2014.jpg 960w\" sizes=\"(max-width: 300px) 100vw, 300px\" \/><\/a><em>Oferta Educativa para el Ciclo Lectivo 2014:\u00a0<\/em><\/p>\n<p><em>-Profesorado en Filosof\u00eda.<\/em><\/p>\n<p><em>-Profesorado en Ciencias Sagradas.<\/em><\/p>\n<p><em>-Experticia en Teolog\u00eda Dogm\u00e1tica.\u00a0<\/em><\/p>\n<!-- AddThis Advanced Settings generic via filter on the_content --><!-- AddThis Share Buttons generic via filter on the_content -->","protected":false},"excerpt":{"rendered":"<p>Oferta Educativa para el Ciclo Lectivo 2014:\u00a0 -Profesorado en Filosof\u00eda. -Profesorado en Ciencias Sagradas. -Experticia en Teolog\u00eda Dogm\u00e1tica.\u00a0<!-- AddThis Advanced Settings generic via filter on get_the_excerpt --><!-- AddThis Share Buttons generic via filter on get_the_excerpt --><\/p>\n","protected":false},"author":2,"featured_media":3404,"comment_status":"open","ping_status":"closed","sticky":false,"template":"","format":"standard","meta":{"footnotes":""},"categories":[1],"tags":[],"class_list":["post-3401","post","type-post","status-publish","format-standard","has-post-thumbnail","hentry","category-noticiasdiocesanas"],"_links":{"self":[{"href":"https:\/\/obispadodezaratecampana.org\/index.php?rest_route=\/wp\/v2\/posts\/3401","targetHints":{"allow":["GET"]}}],"collection":[{"href":"https:\/\/obispadodezaratecampana.org\/index.php?rest_route=\/wp\/v2\/posts"}],"about":[{"href":"https:\/\/obispadodezaratecampana.org\/index.php?rest_route=\/wp\/v2\/types\/post"}],"author":[{"embeddable":true,"href":"https:\/\/obispadodezaratecampana.org\/index.php?rest_route=\/wp\/v2\/users\/2"}],"replies":[{"embeddable":true,"href":"https:\/\/obispadodezaratecampana.org\/index.php?rest_route=%2Fwp%2Fv2%2Fcomments&post=3401"}],"version-history":[{"count":3,"href":"https:\/\/obispadodezaratecampana.org\/index.php?rest_route=\/wp\/v2\/posts\/3401\/revisions"}],"predecessor-version":[{"id":3409,"href":"https:\/\/obispadodezaratecampana.org\/index.php?rest_route=\/wp\/v2\/posts\/3401\/revisions\/3409"}],"wp:featuredmedia":[{"embeddable":true,"href":"https:\/\/obispadodezaratecampana.org\/index.php?rest_route=\/wp\/v2\/media\/3404"}],"wp:attachment":[{"href":"https:\/\/obispadodezaratecampana.org\/index.php?rest_route=%2Fwp%2Fv2%2Fmedia&parent=3401"}],"wp:term":[{"taxonomy":"category","embeddable":true,"href":"https:\/\/obispadodezaratecampana.org\/index.php?rest_route=%2Fwp%2Fv2%2Fcategories&post=3401"},{"taxonomy":"post_tag","embeddable":true,"href":"https:\/\/obispadodezaratecampana.org\/index.php?rest_route=%2Fwp%2Fv2%2Ftags&post=3401"}],"curies":[{"name":"wp","href":"https:\/\/api.w.org\/{rel}","templated":true}]}}