{"id":3335,"date":"2013-10-31T01:11:02","date_gmt":"2013-10-31T04:11:02","guid":{"rendered":"http:\/\/obispadodezaratecampana.org\/?p=3335"},"modified":"2013-10-31T01:36:22","modified_gmt":"2013-10-31T04:36:22","slug":"pendiente-festejo-jubileo-matrimonial-2013","status":"publish","type":"post","link":"https:\/\/obispadodezaratecampana.org\/?p=3335","title":{"rendered":"Festejo: Jubileo Matrimonial 2013 &#8211; Z\u00e1rate"},"content":{"rendered":"<p>El Grupo Jubileo Matrimonial , del partido de Z\u00e1rate, celebr\u00f3 su d\u00e9cimo sexto Jubileo el s\u00e1bado 19 de octubre pasado.<\/p>\n<p>Sus miembros quieren agradecer especialmente:<\/p>\n<p>&#8211; Al Se\u00f1or Baldomero Benitez, due\u00f1o de Confiter\u00eda Rex (que los acompa\u00f1a desde el inicio) : por su gran generosidad y excelente servicio. Al equipo de mozos, \u00a0encabezados por el se\u00f1or Montero, por su eficiencia y amabilidad.<\/p>\n<p>&#8211; A \u00a0la Librer\u00eda El Buen Pastor , que les brinda sus servicios en: tarjetas, recordatorios y agradecimientos.<\/p>\n<p>&#8211; A Silvio Franchini, quien desinteresadamente , hizo la animaci\u00f3n de la fiesta.<\/p>\n<p>&#8211; A la Sra. Miriam Zaccardi, que con su maravillosa voz, \u00a0enton\u00f3 el Ave Mar\u00eda y al Coro que la acompa\u00f1a en la \u00a0Parroquia del Carmen. Cantaron en la celebraci\u00f3n (y lo han hecho en festejos anteriores)<\/p>\n<p>&#8211; A la Sra. Marta Pignataro, por colaborar desde su hogar con esmero y dedicaci\u00f3n, con su talento.<\/p>\n<p>&#8211; A sus queridos amigos y compa\u00f1eros: Olga y Carlos Rossi; \u00a0Pola y Alberto Campanini: \u00a0por sus oraciones constantes para que todo salga bien.<\/p>\n<p>&#8211; A todos los que compraron tarjetas de la Paella para ayudarlos a recaudar fondos.<\/p>\n<p>&#8211; A los negocios de Z\u00e1rate, que una vez m\u00e1s, dijeron presente, con los obsequios para agasajar a los invitados. A Casa Otero por su especial generosidad y deferente atenci\u00f3n desde hace a\u00f1os.<\/p>\n<p>&#8211; Y por sobre todo, a la Virgen del Carmen, Madre y Patrona, a quien se encomiendan cada a\u00f1o al \u00a0comenzar la hermosa tarea de celebrar el amor. De este modo, realizan su humilde aporte en defensa del matrimonio y la familia.<\/p>\n<p>Acompa\u00f1emos en la oraci\u00f3n a estos hermanos nuestros en Cristo para que el Se\u00f1or les \u201cenv\u00ede m\u00e1s obreros a la mies\u201d.<\/p>\n<!-- AddThis Advanced Settings generic via filter on the_content --><!-- AddThis Share Buttons generic via filter on the_content -->","protected":false},"excerpt":{"rendered":"<p>El Grupo Jubileo Matrimonial , del partido de Z\u00e1rate, celebr\u00f3 su d\u00e9cimo sexto Jubileo el s\u00e1bado 19 de octubre pasado. Sus miembros quieren agradecer especialmente: [&hellip;]<!-- AddThis Advanced Settings generic via filter on get_the_excerpt --><!-- AddThis Share Buttons generic via filter on get_the_excerpt --><\/p>\n","protected":false},"author":2,"featured_media":3415,"comment_status":"open","ping_status":"closed","sticky":false,"template":"","format":"standard","meta":{"footnotes":""},"categories":[4],"tags":[],"class_list":["post-3335","post","type-post","status-publish","format-standard","has-post-thumbnail","hentry","category-movimientosinstituciones"],"_links":{"self":[{"href":"https:\/\/obispadodezaratecampana.org\/index.php?rest_route=\/wp\/v2\/posts\/3335","targetHints":{"allow":["GET"]}}],"collection":[{"href":"https:\/\/obispadodezaratecampana.org\/index.php?rest_route=\/wp\/v2\/posts"}],"about":[{"href":"https:\/\/obispadodezaratecampana.org\/index.php?rest_route=\/wp\/v2\/types\/post"}],"author":[{"embeddable":true,"href":"https:\/\/obispadodezaratecampana.org\/index.php?rest_route=\/wp\/v2\/users\/2"}],"replies":[{"embeddable":true,"href":"https:\/\/obispadodezaratecampana.org\/index.php?rest_route=%2Fwp%2Fv2%2Fcomments&post=3335"}],"version-history":[{"count":4,"href":"https:\/\/obispadodezaratecampana.org\/index.php?rest_route=\/wp\/v2\/posts\/3335\/revisions"}],"predecessor-version":[{"id":3418,"href":"https:\/\/obispadodezaratecampana.org\/index.php?rest_route=\/wp\/v2\/posts\/3335\/revisions\/3418"}],"wp:featuredmedia":[{"embeddable":true,"href":"https:\/\/obispadodezaratecampana.org\/index.php?rest_route=\/wp\/v2\/media\/3415"}],"wp:attachment":[{"href":"https:\/\/obispadodezaratecampana.org\/index.php?rest_route=%2Fwp%2Fv2%2Fmedia&parent=3335"}],"wp:term":[{"taxonomy":"category","embeddable":true,"href":"https:\/\/obispadodezaratecampana.org\/index.php?rest_route=%2Fwp%2Fv2%2Fcategories&post=3335"},{"taxonomy":"post_tag","embeddable":true,"href":"https:\/\/obispadodezaratecampana.org\/index.php?rest_route=%2Fwp%2Fv2%2Ftags&post=3335"}],"curies":[{"name":"wp","href":"https:\/\/api.w.org\/{rel}","templated":true}]}}