{"id":3287,"date":"2013-10-22T13:24:27","date_gmt":"2013-10-22T16:24:27","guid":{"rendered":"http:\/\/obispadodezaratecampana.org\/?p=3287"},"modified":"2013-10-22T13:24:27","modified_gmt":"2013-10-22T16:24:27","slug":"domingo-3-de-noviembre-misa-por-los-enfermos-pte-derqui","status":"publish","type":"post","link":"https:\/\/obispadodezaratecampana.org\/?p=3287","title":{"rendered":"Domingo 3 de noviembre : Misa por los enfermos &#8211; Pte. Derqui"},"content":{"rendered":"<p><a href=\"http:\/\/obispadodezaratecampana.org\/wp-content\/uploads\/2013\/10\/misa2.jpg\"><img fetchpriority=\"high\" decoding=\"async\" class=\"aligncenter size-medium wp-image-3288\" alt=\"misa\" src=\"http:\/\/obispadodezaratecampana.org\/wp-content\/uploads\/2013\/10\/misa2-225x300.jpg\" width=\"225\" height=\"300\" srcset=\"https:\/\/obispadodezaratecampana.org\/wp-content\/uploads\/2013\/10\/misa2-225x300.jpg 225w, https:\/\/obispadodezaratecampana.org\/wp-content\/uploads\/2013\/10\/misa2.jpg 720w\" sizes=\"(max-width: 225px) 100vw, 225px\" \/><\/a>\u00a0El d\u00eda domingo 3 de noviembre, a las 16 hs en la Parroquia San Antonio de Padua de Pte. Derqui la Renovaci\u00f3n Carism\u00e1tica invita a participar de una Santa Misa por los enfermos.<\/p>\n<!-- AddThis Advanced Settings generic via filter on the_content --><!-- AddThis Share Buttons generic via filter on the_content -->","protected":false},"excerpt":{"rendered":"<p>\u00a0El d\u00eda domingo 3 de noviembre, a las 16 hs en la Parroquia San Antonio de Padua de Pte. Derqui la Renovaci\u00f3n Carism\u00e1tica invita a [&hellip;]<!-- AddThis Advanced Settings generic via filter on get_the_excerpt --><!-- AddThis Share Buttons generic via filter on get_the_excerpt --><\/p>\n","protected":false},"author":2,"featured_media":3288,"comment_status":"open","ping_status":"closed","sticky":false,"template":"","format":"standard","meta":{"footnotes":""},"categories":[3],"tags":[],"class_list":["post-3287","post","type-post","status-publish","format-standard","has-post-thumbnail","hentry","category-noticiasparroquiales"],"_links":{"self":[{"href":"https:\/\/obispadodezaratecampana.org\/index.php?rest_route=\/wp\/v2\/posts\/3287","targetHints":{"allow":["GET"]}}],"collection":[{"href":"https:\/\/obispadodezaratecampana.org\/index.php?rest_route=\/wp\/v2\/posts"}],"about":[{"href":"https:\/\/obispadodezaratecampana.org\/index.php?rest_route=\/wp\/v2\/types\/post"}],"author":[{"embeddable":true,"href":"https:\/\/obispadodezaratecampana.org\/index.php?rest_route=\/wp\/v2\/users\/2"}],"replies":[{"embeddable":true,"href":"https:\/\/obispadodezaratecampana.org\/index.php?rest_route=%2Fwp%2Fv2%2Fcomments&post=3287"}],"version-history":[{"count":1,"href":"https:\/\/obispadodezaratecampana.org\/index.php?rest_route=\/wp\/v2\/posts\/3287\/revisions"}],"predecessor-version":[{"id":3290,"href":"https:\/\/obispadodezaratecampana.org\/index.php?rest_route=\/wp\/v2\/posts\/3287\/revisions\/3290"}],"wp:featuredmedia":[{"embeddable":true,"href":"https:\/\/obispadodezaratecampana.org\/index.php?rest_route=\/wp\/v2\/media\/3288"}],"wp:attachment":[{"href":"https:\/\/obispadodezaratecampana.org\/index.php?rest_route=%2Fwp%2Fv2%2Fmedia&parent=3287"}],"wp:term":[{"taxonomy":"category","embeddable":true,"href":"https:\/\/obispadodezaratecampana.org\/index.php?rest_route=%2Fwp%2Fv2%2Fcategories&post=3287"},{"taxonomy":"post_tag","embeddable":true,"href":"https:\/\/obispadodezaratecampana.org\/index.php?rest_route=%2Fwp%2Fv2%2Ftags&post=3287"}],"curies":[{"name":"wp","href":"https:\/\/api.w.org\/{rel}","templated":true}]}}