{"id":3282,"date":"2013-10-21T18:33:45","date_gmt":"2013-10-21T21:33:45","guid":{"rendered":"http:\/\/obispadodezaratecampana.org\/?p=3282"},"modified":"2013-10-21T18:33:45","modified_gmt":"2013-10-21T21:33:45","slug":"caravana-con-la-virgen-de-lujan-zarate","status":"publish","type":"post","link":"https:\/\/obispadodezaratecampana.org\/?p=3282","title":{"rendered":"Caravana con la Virgen de Luj\u00e1n &#8211; Z\u00e1rate"},"content":{"rendered":"<p><a href=\"http:\/\/obispadodezaratecampana.org\/wp-content\/uploads\/2013\/10\/virgen4.jpg\"><img fetchpriority=\"high\" decoding=\"async\" class=\"aligncenter size-medium wp-image-3284\" alt=\"virgen\" src=\"http:\/\/obispadodezaratecampana.org\/wp-content\/uploads\/2013\/10\/virgen4-300x225.jpg\" width=\"300\" height=\"225\" srcset=\"https:\/\/obispadodezaratecampana.org\/wp-content\/uploads\/2013\/10\/virgen4-300x225.jpg 300w, https:\/\/obispadodezaratecampana.org\/wp-content\/uploads\/2013\/10\/virgen4.jpg 1021w\" sizes=\"(max-width: 300px) 100vw, 300px\" \/><\/a>Esta caravana con la imagen peregrina de la Virgen de Lujan saldr\u00e1 el jueves 31 de octubre a las 18: 00 hs desde la Pquia. del Carmen de Z\u00e1rate (esquina calles Justa Lima y Belgrano).<\/p>\n<p>Sumate a participar con tu moto, auto y algo para hacer ruido.<\/p>\n<p>En preparaci\u00f3n para la Peregrinaci\u00f3n a Lujan, cuyo lema es este a\u00f1os &#8220;Feliz de Ti por haber cre\u00eddo&#8221;<\/p>\n<!-- AddThis Advanced Settings generic via filter on the_content --><!-- AddThis Share Buttons generic via filter on the_content -->","protected":false},"excerpt":{"rendered":"<p>Esta caravana con la imagen peregrina de la Virgen de Lujan saldr\u00e1 el jueves 31 de octubre a las 18: 00 hs desde la Pquia. [&hellip;]<!-- AddThis Advanced Settings generic via filter on get_the_excerpt --><!-- AddThis Share Buttons generic via filter on get_the_excerpt --><\/p>\n","protected":false},"author":2,"featured_media":3284,"comment_status":"open","ping_status":"closed","sticky":false,"template":"","format":"standard","meta":{"footnotes":""},"categories":[3],"tags":[],"class_list":["post-3282","post","type-post","status-publish","format-standard","has-post-thumbnail","hentry","category-noticiasparroquiales"],"_links":{"self":[{"href":"https:\/\/obispadodezaratecampana.org\/index.php?rest_route=\/wp\/v2\/posts\/3282","targetHints":{"allow":["GET"]}}],"collection":[{"href":"https:\/\/obispadodezaratecampana.org\/index.php?rest_route=\/wp\/v2\/posts"}],"about":[{"href":"https:\/\/obispadodezaratecampana.org\/index.php?rest_route=\/wp\/v2\/types\/post"}],"author":[{"embeddable":true,"href":"https:\/\/obispadodezaratecampana.org\/index.php?rest_route=\/wp\/v2\/users\/2"}],"replies":[{"embeddable":true,"href":"https:\/\/obispadodezaratecampana.org\/index.php?rest_route=%2Fwp%2Fv2%2Fcomments&post=3282"}],"version-history":[{"count":1,"href":"https:\/\/obispadodezaratecampana.org\/index.php?rest_route=\/wp\/v2\/posts\/3282\/revisions"}],"predecessor-version":[{"id":3286,"href":"https:\/\/obispadodezaratecampana.org\/index.php?rest_route=\/wp\/v2\/posts\/3282\/revisions\/3286"}],"wp:featuredmedia":[{"embeddable":true,"href":"https:\/\/obispadodezaratecampana.org\/index.php?rest_route=\/wp\/v2\/media\/3284"}],"wp:attachment":[{"href":"https:\/\/obispadodezaratecampana.org\/index.php?rest_route=%2Fwp%2Fv2%2Fmedia&parent=3282"}],"wp:term":[{"taxonomy":"category","embeddable":true,"href":"https:\/\/obispadodezaratecampana.org\/index.php?rest_route=%2Fwp%2Fv2%2Fcategories&post=3282"},{"taxonomy":"post_tag","embeddable":true,"href":"https:\/\/obispadodezaratecampana.org\/index.php?rest_route=%2Fwp%2Fv2%2Ftags&post=3282"}],"curies":[{"name":"wp","href":"https:\/\/api.w.org\/{rel}","templated":true}]}}