{"id":3278,"date":"2013-10-18T22:05:42","date_gmt":"2013-10-19T01:05:42","guid":{"rendered":"http:\/\/obispadodezaratecampana.org\/?p=3278"},"modified":"2013-10-18T22:05:42","modified_gmt":"2013-10-19T01:05:42","slug":"nuevo-cura-parroco-en-campana","status":"publish","type":"post","link":"https:\/\/obispadodezaratecampana.org\/?p=3278","title":{"rendered":"Nuevo cura p\u00e1rroco en Campana"},"content":{"rendered":"<p><a href=\"http:\/\/obispadodezaratecampana.org\/wp-content\/uploads\/2013\/10\/villa.jpg\"><img fetchpriority=\"high\" decoding=\"async\" class=\"aligncenter size-medium wp-image-3279\" alt=\"villa\" src=\"http:\/\/obispadodezaratecampana.org\/wp-content\/uploads\/2013\/10\/villa-300x218.jpg\" width=\"300\" height=\"218\" srcset=\"https:\/\/obispadodezaratecampana.org\/wp-content\/uploads\/2013\/10\/villa-300x218.jpg 300w, https:\/\/obispadodezaratecampana.org\/wp-content\/uploads\/2013\/10\/villa-1024x746.jpg 1024w, https:\/\/obispadodezaratecampana.org\/wp-content\/uploads\/2013\/10\/villa.jpg 2048w\" sizes=\"(max-width: 300px) 100vw, 300px\" \/><\/a>El padre Agustin Villa ha sido nombrado por nuestro Obispo como cura p\u00e1rroco de la Pquia. Ntra. Sra. de Luj\u00e1n y Santos Ap\u00f3stoles Pedro y Pablo (en la calle Paso 1130 del partido de Campana).<\/p>\n<p>Se har\u00e1 cargo de su nuevo oficio pastoral el domingo 20 de octubre en la misa de 11:00 hs.<\/p>\n<!-- AddThis Advanced Settings generic via filter on the_content --><!-- AddThis Share Buttons generic via filter on the_content -->","protected":false},"excerpt":{"rendered":"<p>El padre Agustin Villa ha sido nombrado por nuestro Obispo como cura p\u00e1rroco de la Pquia. Ntra. Sra. de Luj\u00e1n y Santos Ap\u00f3stoles Pedro y [&hellip;]<!-- AddThis Advanced Settings generic via filter on get_the_excerpt --><!-- AddThis Share Buttons generic via filter on get_the_excerpt --><\/p>\n","protected":false},"author":2,"featured_media":0,"comment_status":"open","ping_status":"closed","sticky":false,"template":"","format":"standard","meta":{"footnotes":""},"categories":[3],"tags":[],"class_list":["post-3278","post","type-post","status-publish","format-standard","hentry","category-noticiasparroquiales"],"_links":{"self":[{"href":"https:\/\/obispadodezaratecampana.org\/index.php?rest_route=\/wp\/v2\/posts\/3278","targetHints":{"allow":["GET"]}}],"collection":[{"href":"https:\/\/obispadodezaratecampana.org\/index.php?rest_route=\/wp\/v2\/posts"}],"about":[{"href":"https:\/\/obispadodezaratecampana.org\/index.php?rest_route=\/wp\/v2\/types\/post"}],"author":[{"embeddable":true,"href":"https:\/\/obispadodezaratecampana.org\/index.php?rest_route=\/wp\/v2\/users\/2"}],"replies":[{"embeddable":true,"href":"https:\/\/obispadodezaratecampana.org\/index.php?rest_route=%2Fwp%2Fv2%2Fcomments&post=3278"}],"version-history":[{"count":1,"href":"https:\/\/obispadodezaratecampana.org\/index.php?rest_route=\/wp\/v2\/posts\/3278\/revisions"}],"predecessor-version":[{"id":3281,"href":"https:\/\/obispadodezaratecampana.org\/index.php?rest_route=\/wp\/v2\/posts\/3278\/revisions\/3281"}],"wp:attachment":[{"href":"https:\/\/obispadodezaratecampana.org\/index.php?rest_route=%2Fwp%2Fv2%2Fmedia&parent=3278"}],"wp:term":[{"taxonomy":"category","embeddable":true,"href":"https:\/\/obispadodezaratecampana.org\/index.php?rest_route=%2Fwp%2Fv2%2Fcategories&post=3278"},{"taxonomy":"post_tag","embeddable":true,"href":"https:\/\/obispadodezaratecampana.org\/index.php?rest_route=%2Fwp%2Fv2%2Ftags&post=3278"}],"curies":[{"name":"wp","href":"https:\/\/api.w.org\/{rel}","templated":true}]}}