{"id":3261,"date":"2013-10-15T14:21:06","date_gmt":"2013-10-15T17:21:06","guid":{"rendered":"http:\/\/obispadodezaratecampana.org\/?p=3261"},"modified":"2013-10-15T14:21:06","modified_gmt":"2013-10-15T17:21:06","slug":"10-de-noviembre-parroquia-ntra-sra-de-las-gracias-pilar","status":"publish","type":"post","link":"https:\/\/obispadodezaratecampana.org\/?p=3261","title":{"rendered":"10 de Noviembre: Parroquia Ntra. Sra. de las Gracias (Pilar)"},"content":{"rendered":"<p><a href=\"http:\/\/obispadodezaratecampana.org\/wp-content\/uploads\/2013\/10\/templo1.jpg\"><img fetchpriority=\"high\" decoding=\"async\" class=\"aligncenter size-medium wp-image-3262\" alt=\"templo\" src=\"http:\/\/obispadodezaratecampana.org\/wp-content\/uploads\/2013\/10\/templo1-212x300.jpg\" width=\"212\" height=\"300\" srcset=\"https:\/\/obispadodezaratecampana.org\/wp-content\/uploads\/2013\/10\/templo1-212x300.jpg 212w, https:\/\/obispadodezaratecampana.org\/wp-content\/uploads\/2013\/10\/templo1.jpg 679w\" sizes=\"(max-width: 212px) 100vw, 212px\" \/><\/a>El domingo 10 de noviembre a las 10: 00 hs de la ma\u00f1ana, ser\u00e1 la celebraci\u00f3n de bendici\u00f3n solemne del templo parroquial y consagraci\u00f3n del altar de la Pquia. Ntra. Sra. de las Gracias (situada en el barrio Peruzotti del partido de Pilar, entre las calles Goletta Constituci\u00f3n y O\u00b4Higgins).<\/p>\n<p>La ceremonia ser\u00e1 presidida por el Obispo.<\/p>\n<p>&nbsp;<\/p>\n<!-- AddThis Advanced Settings generic via filter on the_content --><!-- AddThis Share Buttons generic via filter on the_content -->","protected":false},"excerpt":{"rendered":"<p>El domingo 10 de noviembre a las 10: 00 hs de la ma\u00f1ana, ser\u00e1 la celebraci\u00f3n de bendici\u00f3n solemne del templo parroquial y consagraci\u00f3n del [&hellip;]<!-- AddThis Advanced Settings generic via filter on get_the_excerpt --><!-- AddThis Share Buttons generic via filter on get_the_excerpt --><\/p>\n","protected":false},"author":2,"featured_media":3262,"comment_status":"open","ping_status":"closed","sticky":false,"template":"","format":"standard","meta":{"footnotes":""},"categories":[3],"tags":[],"class_list":["post-3261","post","type-post","status-publish","format-standard","has-post-thumbnail","hentry","category-noticiasparroquiales"],"_links":{"self":[{"href":"https:\/\/obispadodezaratecampana.org\/index.php?rest_route=\/wp\/v2\/posts\/3261","targetHints":{"allow":["GET"]}}],"collection":[{"href":"https:\/\/obispadodezaratecampana.org\/index.php?rest_route=\/wp\/v2\/posts"}],"about":[{"href":"https:\/\/obispadodezaratecampana.org\/index.php?rest_route=\/wp\/v2\/types\/post"}],"author":[{"embeddable":true,"href":"https:\/\/obispadodezaratecampana.org\/index.php?rest_route=\/wp\/v2\/users\/2"}],"replies":[{"embeddable":true,"href":"https:\/\/obispadodezaratecampana.org\/index.php?rest_route=%2Fwp%2Fv2%2Fcomments&post=3261"}],"version-history":[{"count":1,"href":"https:\/\/obispadodezaratecampana.org\/index.php?rest_route=\/wp\/v2\/posts\/3261\/revisions"}],"predecessor-version":[{"id":3263,"href":"https:\/\/obispadodezaratecampana.org\/index.php?rest_route=\/wp\/v2\/posts\/3261\/revisions\/3263"}],"wp:featuredmedia":[{"embeddable":true,"href":"https:\/\/obispadodezaratecampana.org\/index.php?rest_route=\/wp\/v2\/media\/3262"}],"wp:attachment":[{"href":"https:\/\/obispadodezaratecampana.org\/index.php?rest_route=%2Fwp%2Fv2%2Fmedia&parent=3261"}],"wp:term":[{"taxonomy":"category","embeddable":true,"href":"https:\/\/obispadodezaratecampana.org\/index.php?rest_route=%2Fwp%2Fv2%2Fcategories&post=3261"},{"taxonomy":"post_tag","embeddable":true,"href":"https:\/\/obispadodezaratecampana.org\/index.php?rest_route=%2Fwp%2Fv2%2Ftags&post=3261"}],"curies":[{"name":"wp","href":"https:\/\/api.w.org\/{rel}","templated":true}]}}