{"id":3248,"date":"2013-10-15T01:31:39","date_gmt":"2013-10-15T04:31:39","guid":{"rendered":"http:\/\/obispadodezaratecampana.org\/?p=3248"},"modified":"2013-10-15T01:50:07","modified_gmt":"2013-10-15T04:50:07","slug":"sabado-19-de-octubre-ordenacion-diaconal-en-pte-derqui","status":"publish","type":"post","link":"https:\/\/obispadodezaratecampana.org\/?p=3248","title":{"rendered":"S\u00e1bado 19 de octubre: Ordenaci\u00f3n diaconal en Pte. Derqui"},"content":{"rendered":"<p><a href=\"http:\/\/obispadodezaratecampana.org\/wp-content\/uploads\/2013\/10\/diacono.jpg\"><img fetchpriority=\"high\" decoding=\"async\" class=\"aligncenter size-medium wp-image-3249\" alt=\"diacono\" src=\"http:\/\/obispadodezaratecampana.org\/wp-content\/uploads\/2013\/10\/diacono-225x300.jpg\" width=\"225\" height=\"300\" srcset=\"https:\/\/obispadodezaratecampana.org\/wp-content\/uploads\/2013\/10\/diacono-225x300.jpg 225w, https:\/\/obispadodezaratecampana.org\/wp-content\/uploads\/2013\/10\/diacono.jpg 720w\" sizes=\"(max-width: 225px) 100vw, 225px\" \/><\/a>El s\u00e1bado 19 de octubre, a las 11: 00 hs Guillermo D\u00edaz ser\u00e1 ordenado Di\u00e1cono por el Obispo. Esto ser\u00e1 en la parroquia San Antonio de Padua, en Pte. Derqui.<\/p>\n<p>El evento en facebook: \u00a0<a href=\"https:\/\/www.facebook.com\/events\/582595758469874\/\">https:\/\/www.facebook.com\/events\/582595758469874\/<\/a><\/p>\n<p>&nbsp;<\/p>\n<!-- AddThis Advanced Settings generic via filter on the_content --><!-- AddThis Share Buttons generic via filter on the_content -->","protected":false},"excerpt":{"rendered":"<p>El s\u00e1bado 19 de octubre, a las 11: 00 hs Guillermo D\u00edaz ser\u00e1 ordenado Di\u00e1cono por el Obispo. Esto ser\u00e1 en la parroquia San Antonio [&hellip;]<!-- AddThis Advanced Settings generic via filter on get_the_excerpt --><!-- AddThis Share Buttons generic via filter on get_the_excerpt --><\/p>\n","protected":false},"author":2,"featured_media":3250,"comment_status":"open","ping_status":"closed","sticky":false,"template":"","format":"standard","meta":{"footnotes":""},"categories":[1],"tags":[],"class_list":["post-3248","post","type-post","status-publish","format-standard","has-post-thumbnail","hentry","category-noticiasdiocesanas"],"_links":{"self":[{"href":"https:\/\/obispadodezaratecampana.org\/index.php?rest_route=\/wp\/v2\/posts\/3248","targetHints":{"allow":["GET"]}}],"collection":[{"href":"https:\/\/obispadodezaratecampana.org\/index.php?rest_route=\/wp\/v2\/posts"}],"about":[{"href":"https:\/\/obispadodezaratecampana.org\/index.php?rest_route=\/wp\/v2\/types\/post"}],"author":[{"embeddable":true,"href":"https:\/\/obispadodezaratecampana.org\/index.php?rest_route=\/wp\/v2\/users\/2"}],"replies":[{"embeddable":true,"href":"https:\/\/obispadodezaratecampana.org\/index.php?rest_route=%2Fwp%2Fv2%2Fcomments&post=3248"}],"version-history":[{"count":3,"href":"https:\/\/obispadodezaratecampana.org\/index.php?rest_route=\/wp\/v2\/posts\/3248\/revisions"}],"predecessor-version":[{"id":3254,"href":"https:\/\/obispadodezaratecampana.org\/index.php?rest_route=\/wp\/v2\/posts\/3248\/revisions\/3254"}],"wp:featuredmedia":[{"embeddable":true,"href":"https:\/\/obispadodezaratecampana.org\/index.php?rest_route=\/wp\/v2\/media\/3250"}],"wp:attachment":[{"href":"https:\/\/obispadodezaratecampana.org\/index.php?rest_route=%2Fwp%2Fv2%2Fmedia&parent=3248"}],"wp:term":[{"taxonomy":"category","embeddable":true,"href":"https:\/\/obispadodezaratecampana.org\/index.php?rest_route=%2Fwp%2Fv2%2Fcategories&post=3248"},{"taxonomy":"post_tag","embeddable":true,"href":"https:\/\/obispadodezaratecampana.org\/index.php?rest_route=%2Fwp%2Fv2%2Ftags&post=3248"}],"curies":[{"name":"wp","href":"https:\/\/api.w.org\/{rel}","templated":true}]}}