{"id":3195,"date":"2013-10-14T22:28:29","date_gmt":"2013-10-15T01:28:29","guid":{"rendered":"http:\/\/obispadodezaratecampana.org\/?p=3195"},"modified":"2013-10-15T00:56:54","modified_gmt":"2013-10-15T03:56:54","slug":"consagracion-del-mundo-al-inmaculado-corazon-de-maria","status":"publish","type":"post","link":"https:\/\/obispadodezaratecampana.org\/?p=3195","title":{"rendered":"Consagraci\u00f3n del mundo al Inmaculado Coraz\u00f3n de Mar\u00eda"},"content":{"rendered":"<p>El 13 de octubre por la tarde, el Sr.\u00a0Obispo celebr\u00f3 la Santa Misa en Z\u00e1rate, en acci\u00f3n de gracias por la consagraci\u00f3n del mundo al Inmaculado Coraz\u00f3n de Maria realizada por SS Francisco.<\/p>\n<p>Las celebraciones comenzaron con la bendici\u00f3n de una Cruz (y de una gigantograf\u00eda con el rostro de la Madre Teresa) , \u00a0por parte de Mons. Oscar, que se encuentra en la entrada del Hogar de la Paz y la Alegria.<\/p>\n<p>Luego los fieles caminaron en procesi\u00f3n hasta la pquia. Ntra. Sra. de F\u00e1tima, con la imagen de la Virgen de F\u00e1tima y la de Luj\u00e1n, para compartir la misa.<\/p>\n<p>En el atrio de la parroquia la banda de la Prefectura recibi\u00f3 a los fieles que vinieron en procesi\u00f3n por la costanera.<\/p>\n<p>Durante la celebraci\u00f3n lit\u00fargica el Obispo bautiz\u00f3 a un ni\u00f1o.<\/p>\n<p><em>El Obispo explico durante la homil\u00eda que la celebraci\u00f3n de esa tarde era en adhesi\u00f3n al acto de entrega, confianza y consagraci\u00f3n del mundo al Inmaculado Coraz\u00f3n de Mar\u00eda realizada por el Papa Francisco. <\/em><\/p>\n<p><em>Al respecto del Evangelio (Lucas 17, 11-19) refiri\u00f3 que los leprosos salieron al encuentro de Jesus, y El tuvo compasi\u00f3n de ellos. Y que para poder lograr el &#8220;encuentro&#8221; con los demas, para relacionarnos con los demas (como Jesus lo hizo), nosotros necesitamos salir de nosotros mismos. Hace falta romper romper nuestros paradigmas de dureza, que provienen de la naturaleza herida por el pecado original. Descubriremos universos nuevos entonces, de miseria material y existencial de la humanidad&#8230;..todos los que han podido salir de ese encierro seguramente conocer\u00e1n ya algo acerca de esto. <\/em><\/p>\n<p><em>Si hacemos caso a nuestro innato mecanismo de defensa ante las adversidades (los &#8220;infiernos&#8221; cotidianos) que se nos presentan nos vamos convirtiendo cada vez mas en un rostro que no refleja el amor de Dios. Por eso hay que pedirle al Se\u00f1or tener el realismo de la esperanza. San Agustin durante el proceso de su conversi\u00f3n rezaba: &#8220;Se\u00f1or quiero querer quererte. Hermanos quiero querer quererlos&#8221;. Con tener esta intensi\u00f3n , como hizo el santo, Dios en su generosidad, nos dar\u00e1 esa capacidad de amar. <\/em><\/p>\n<p><em>Un ejemplo de ese &#8220;salir hacia el otro&#8221;, menciono el Mons. Oscar, son las hermanas Misioneras de la caridad, y lo fue la Madre Teresa de Calcuta.<\/em><br \/>\n<em>Concluyo con una oraci\u00f3n de confianza y entrega a nuestra Se\u00f1ora de F\u00e1tima.<\/em><\/p>\n<p>Los festejos concluyeron con una actuaci\u00f3n coral \u00a0y choripaneada que compartieron los miembros de la comunidad .<\/p>\n<p>Estuvieron presentes \u00a0el cura p\u00e1rroco Lucas Martinez, las Hermanas de la Caridad, \u00a0el Vicario y Pro- Vicario General de la di\u00f3cesis : Mons. Ariel Perez y Mons. Santiago Herrera (Rector del Seminario diocesano San Pedro y San Pablo), el Pbro. Hugo Lovatto (Vice- Rector del Seminario), Mons Marcelo Monteagudo, \u00a0seminaristas, numerosos miembros de la comunidad parroquial y vecinos de otras parroquias de la ciudad.<\/p>\n<p>El Hogar de la Paz y la Alegr\u00eda se encuentra en la zona del bajo de Z\u00e1rate, en la costanera a orillas del R\u00edo Parana, al igual que la Pquia. Ntra. Sra. de F\u00e1tima. Este hogar pertence a la congregaci\u00f3n de las Hermanas Misioneras de la Caridad, fundada por la Beata Teresa de Calcuta.<\/p>\n<!-- AddThis Advanced Settings generic via filter on the_content --><!-- AddThis Share Buttons generic via filter on the_content -->","protected":false},"excerpt":{"rendered":"<p>El 13 de octubre por la tarde, el Sr.\u00a0Obispo celebr\u00f3 la Santa Misa en Z\u00e1rate, en acci\u00f3n de gracias por la consagraci\u00f3n del mundo al [&hellip;]<!-- AddThis Advanced Settings generic via filter on get_the_excerpt --><!-- AddThis Share Buttons generic via filter on get_the_excerpt --><\/p>\n","protected":false},"author":2,"featured_media":3209,"comment_status":"open","ping_status":"closed","sticky":false,"template":"","format":"standard","meta":{"footnotes":""},"categories":[5],"tags":[],"class_list":["post-3195","post","type-post","status-publish","format-standard","has-post-thumbnail","hentry","category-generales"],"_links":{"self":[{"href":"https:\/\/obispadodezaratecampana.org\/index.php?rest_route=\/wp\/v2\/posts\/3195","targetHints":{"allow":["GET"]}}],"collection":[{"href":"https:\/\/obispadodezaratecampana.org\/index.php?rest_route=\/wp\/v2\/posts"}],"about":[{"href":"https:\/\/obispadodezaratecampana.org\/index.php?rest_route=\/wp\/v2\/types\/post"}],"author":[{"embeddable":true,"href":"https:\/\/obispadodezaratecampana.org\/index.php?rest_route=\/wp\/v2\/users\/2"}],"replies":[{"embeddable":true,"href":"https:\/\/obispadodezaratecampana.org\/index.php?rest_route=%2Fwp%2Fv2%2Fcomments&post=3195"}],"version-history":[{"count":5,"href":"https:\/\/obispadodezaratecampana.org\/index.php?rest_route=\/wp\/v2\/posts\/3195\/revisions"}],"predecessor-version":[{"id":3219,"href":"https:\/\/obispadodezaratecampana.org\/index.php?rest_route=\/wp\/v2\/posts\/3195\/revisions\/3219"}],"wp:featuredmedia":[{"embeddable":true,"href":"https:\/\/obispadodezaratecampana.org\/index.php?rest_route=\/wp\/v2\/media\/3209"}],"wp:attachment":[{"href":"https:\/\/obispadodezaratecampana.org\/index.php?rest_route=%2Fwp%2Fv2%2Fmedia&parent=3195"}],"wp:term":[{"taxonomy":"category","embeddable":true,"href":"https:\/\/obispadodezaratecampana.org\/index.php?rest_route=%2Fwp%2Fv2%2Fcategories&post=3195"},{"taxonomy":"post_tag","embeddable":true,"href":"https:\/\/obispadodezaratecampana.org\/index.php?rest_route=%2Fwp%2Fv2%2Ftags&post=3195"}],"curies":[{"name":"wp","href":"https:\/\/api.w.org\/{rel}","templated":true}]}}