{"id":2716,"date":"2013-09-06T18:36:19","date_gmt":"2013-09-06T21:36:19","guid":{"rendered":"http:\/\/obispadodezaratecampana.org\/?p=2716"},"modified":"2013-09-06T18:39:17","modified_gmt":"2013-09-06T21:39:17","slug":"25-aniversario-de-ceica-comision-de-iglesias-cristianas-en-argentina","status":"publish","type":"post","link":"https:\/\/obispadodezaratecampana.org\/?p=2716","title":{"rendered":"25 ANIVERSARIO DE CEICA: (Comisi\u00f3n de Iglesias Cristianas en Argentina)"},"content":{"rendered":"<p dir=\"ltr\">El 5 de septiembre a las 18 horas, se realiz\u00f2 el acto conmemorativo por las bodas de plata de CEICA, comisi\u00f2n que incluye representantes de la Iglesia Cat\u00f2lica Romana, de todas las Iglesias Ortodoxas Orientales en sus diversas ramas, a las llamadas \u201cIglesias hist\u00f2ricas\u201d provenientes de la \u00a0Reforma, incluyendo la Anglicana, a las iglesias libres y a una iglesia pentecostal. El acto se desarroll\u00f2 en el Auditorio Manuel Belgrano de la Canciller\u00eca, y estuvo presente el se\u00f1or Secretario Nacional de Culto Guillermo Olivieri, el arzobispo greco ortodoxo de Antioqu\u00eca en Argentina Monse\u00f1or Silu\u00e0n (actual presidente de la comisi\u00f2n), el pastor David Calvo (luterano) vicepresidente, el R.P. fray Jorge Sacmpini O.P., estos dos tuvieron a cargo sendas y elocuentes exposiciones.<\/p>\n<p>&nbsp;<\/p>\n<p dir=\"ltr\">Concurrieron asimismo el se\u00f1or arzobispo de Buenos Aires Monse\u00f1or Mario Poli, el se\u00f1or nuncio apost\u00f2lico Monse\u00f1or Emil Tscherrig, el obispo de Chascom\u00f9s Monse\u00f1or Carlos Malfa, el obispo de Venado Tuerto Monse\u00f1or Gustavo Help, el eparca maronita em\u00e8rito de Argentina Monse\u00f1or Charbel Meehri, dignatarios de las iglesias ortodoxas y responsables de comuniones eclesiales, y el secretario nacional de culto cat\u00f2lico Dr. Enrique \u00a0Saguier Fonrouge. Equipos de pastoral ecum\u00e8nica de Buenos aires y numeroso p\u00f9blico.<\/p>\n<p>&nbsp;<\/p>\n<p dir=\"ltr\">Invitado Monse\u00f1or Dr. Oscar D. Sarlinga, deleg\u00f2 en el Pbro. Dr. N\u00e8stor Daniel Villa la concurrencia al mismo. Las di\u00f3cesis de z\u00e0rate-Campana y la de San Justo resultaron ambas respresentadas en el acto.<\/p>\n<p dir=\"ltr\">En las fotos podemos ver al panel antemencionado, al P. N\u00e8stor con representantes de CEICA y con Monse\u00f1or G.Help<\/p>\n<!-- AddThis Advanced Settings generic via filter on the_content --><!-- AddThis Share Buttons generic via filter on the_content -->","protected":false},"excerpt":{"rendered":"<p>El 5 de septiembre a las 18 horas, se realiz\u00f2 el acto conmemorativo por las bodas de plata de CEICA, comisi\u00f2n que incluye representantes de [&hellip;]<!-- AddThis Advanced Settings generic via filter on get_the_excerpt --><!-- AddThis Share Buttons generic via filter on get_the_excerpt --><\/p>\n","protected":false},"author":1,"featured_media":2717,"comment_status":"open","ping_status":"open","sticky":false,"template":"","format":"standard","meta":{"footnotes":""},"categories":[4,1],"tags":[19,21],"class_list":["post-2716","post","type-post","status-publish","format-standard","has-post-thumbnail","hentry","category-movimientosinstituciones","category-noticiasdiocesanas","tag-ecumenismo","tag-villa"],"_links":{"self":[{"href":"https:\/\/obispadodezaratecampana.org\/index.php?rest_route=\/wp\/v2\/posts\/2716","targetHints":{"allow":["GET"]}}],"collection":[{"href":"https:\/\/obispadodezaratecampana.org\/index.php?rest_route=\/wp\/v2\/posts"}],"about":[{"href":"https:\/\/obispadodezaratecampana.org\/index.php?rest_route=\/wp\/v2\/types\/post"}],"author":[{"embeddable":true,"href":"https:\/\/obispadodezaratecampana.org\/index.php?rest_route=\/wp\/v2\/users\/1"}],"replies":[{"embeddable":true,"href":"https:\/\/obispadodezaratecampana.org\/index.php?rest_route=%2Fwp%2Fv2%2Fcomments&post=2716"}],"version-history":[{"count":1,"href":"https:\/\/obispadodezaratecampana.org\/index.php?rest_route=\/wp\/v2\/posts\/2716\/revisions"}],"predecessor-version":[{"id":2721,"href":"https:\/\/obispadodezaratecampana.org\/index.php?rest_route=\/wp\/v2\/posts\/2716\/revisions\/2721"}],"wp:featuredmedia":[{"embeddable":true,"href":"https:\/\/obispadodezaratecampana.org\/index.php?rest_route=\/wp\/v2\/media\/2717"}],"wp:attachment":[{"href":"https:\/\/obispadodezaratecampana.org\/index.php?rest_route=%2Fwp%2Fv2%2Fmedia&parent=2716"}],"wp:term":[{"taxonomy":"category","embeddable":true,"href":"https:\/\/obispadodezaratecampana.org\/index.php?rest_route=%2Fwp%2Fv2%2Fcategories&post=2716"},{"taxonomy":"post_tag","embeddable":true,"href":"https:\/\/obispadodezaratecampana.org\/index.php?rest_route=%2Fwp%2Fv2%2Ftags&post=2716"}],"curies":[{"name":"wp","href":"https:\/\/api.w.org\/{rel}","templated":true}]}}