{"id":19136,"date":"2025-05-09T12:58:24","date_gmt":"2025-05-09T15:58:24","guid":{"rendered":"https:\/\/obispadodezaratecampana.org\/?p=19136"},"modified":"2025-05-18T13:36:06","modified_gmt":"2025-05-18T16:36:06","slug":"sabado-10-de-mayo-celebracion-diocesana-por-la-virgen-de-lujan-copy","status":"publish","type":"post","link":"https:\/\/obispadodezaratecampana.org\/?p=19136","title":{"rendered":"Damnificados temporal: \u00bfD\u00f3nde donar y c\u00f3mo colaborar?"},"content":{"rendered":"\t\t<div data-elementor-type=\"wp-post\" data-elementor-id=\"19136\" class=\"elementor elementor-19136\">\n\t\t\t\t\t\t<section class=\"elementor-section elementor-top-section elementor-element elementor-element-25d8b96c elementor-section-boxed elementor-section-height-default elementor-section-height-default\" data-id=\"25d8b96c\" data-element_type=\"section\" data-e-type=\"section\">\n\t\t\t\t\t\t<div class=\"elementor-container elementor-column-gap-default\">\n\t\t\t\t\t<div class=\"elementor-column elementor-col-100 elementor-top-column elementor-element elementor-element-480b283c\" data-id=\"480b283c\" data-element_type=\"column\" data-e-type=\"column\">\n\t\t\t<div class=\"elementor-widget-wrap elementor-element-populated\">\n\t\t\t\t\t\t<div class=\"elementor-element elementor-element-32b12cda elementor-widget elementor-widget-text-editor\" data-id=\"32b12cda\" data-element_type=\"widget\" data-e-type=\"widget\" data-widget_type=\"text-editor.default\">\n\t\t\t\t<div class=\"elementor-widget-container\">\n\t\t\t\t\t\t\t\t\t<p><strong>Atenci\u00f3n &#8211; atenci\u00f3n \u203c\ufe0f\u203c\ufe0f\u203c\ufe0f\ud83d\udea8<\/strong><br \/>Esta es la cuenta bancaria oficial de C\u00e1ritas de la di\u00f3cesis de Z\u00e1rate-Campana, est\u00e9s donde est\u00e9s podes ayudar a los damnificados por el temporal de las ciudades que componen nuestra Di\u00f3cesis:<br \/>Baradero, Campana, Escobar, Exaltaci\u00f3n de Cruz, Pilar, San Antonio de Areco, Z\u00e1rate.\u00a0<\/p>\n<p><a href=\"http:\/\/obispadodezaratecampana.org\/wp-content\/uploads\/2025\/05\/PHOTO-2025-05-17-19-48-12.jpg\"><img fetchpriority=\"high\" decoding=\"async\" class=\"aligncenter  wp-image-19150\" src=\"http:\/\/obispadodezaratecampana.org\/wp-content\/uploads\/2025\/05\/PHOTO-2025-05-17-19-48-12-264x300.jpg\" alt=\"\" width=\"271\" height=\"307\" srcset=\"https:\/\/obispadodezaratecampana.org\/wp-content\/uploads\/2025\/05\/PHOTO-2025-05-17-19-48-12-264x300.jpg 264w, https:\/\/obispadodezaratecampana.org\/wp-content\/uploads\/2025\/05\/PHOTO-2025-05-17-19-48-12-902x1024.jpg 902w, https:\/\/obispadodezaratecampana.org\/wp-content\/uploads\/2025\/05\/PHOTO-2025-05-17-19-48-12-768x872.jpg 768w, https:\/\/obispadodezaratecampana.org\/wp-content\/uploads\/2025\/05\/PHOTO-2025-05-17-19-48-12.jpg 1098w\" sizes=\"(max-width: 271px) 100vw, 271px\" \/><\/a><\/p>\n<p>\u00a0<\/p>\t\t\t\t\t\t\t\t<\/div>\n\t\t\t\t<\/div>\n\t\t\t\t\t<\/div>\n\t\t<\/div>\n\t\t\t\t\t<\/div>\n\t\t<\/section>\n\t\t\t\t<\/div>\n\t\t<!-- AddThis Advanced Settings generic via filter on the_content --><!-- AddThis Share Buttons generic via filter on the_content -->","protected":false},"excerpt":{"rendered":"<p>Atenci\u00f3n &#8211; atenci\u00f3n \u203c\ufe0f\u203c\ufe0f\u203c\ufe0f\ud83d\udea8Esta es la cuenta bancaria oficial de C\u00e1ritas de la di\u00f3cesis de Z\u00e1rate-Campana, est\u00e9s donde est\u00e9s podes ayudar a los damnificados por [&hellip;]<!-- AddThis Advanced Settings generic via filter on get_the_excerpt --><!-- AddThis Share Buttons generic via filter on get_the_excerpt --><\/p>\n","protected":false},"author":2,"featured_media":19140,"comment_status":"open","ping_status":"open","sticky":true,"template":"","format":"standard","meta":{"footnotes":""},"categories":[177,5],"tags":[],"class_list":["post-19136","post","type-post","status-publish","format-standard","has-post-thumbnail","hentry","category-diocesanas","category-generales"],"_links":{"self":[{"href":"https:\/\/obispadodezaratecampana.org\/index.php?rest_route=\/wp\/v2\/posts\/19136","targetHints":{"allow":["GET"]}}],"collection":[{"href":"https:\/\/obispadodezaratecampana.org\/index.php?rest_route=\/wp\/v2\/posts"}],"about":[{"href":"https:\/\/obispadodezaratecampana.org\/index.php?rest_route=\/wp\/v2\/types\/post"}],"author":[{"embeddable":true,"href":"https:\/\/obispadodezaratecampana.org\/index.php?rest_route=\/wp\/v2\/users\/2"}],"replies":[{"embeddable":true,"href":"https:\/\/obispadodezaratecampana.org\/index.php?rest_route=%2Fwp%2Fv2%2Fcomments&post=19136"}],"version-history":[{"count":12,"href":"https:\/\/obispadodezaratecampana.org\/index.php?rest_route=\/wp\/v2\/posts\/19136\/revisions"}],"predecessor-version":[{"id":19153,"href":"https:\/\/obispadodezaratecampana.org\/index.php?rest_route=\/wp\/v2\/posts\/19136\/revisions\/19153"}],"wp:featuredmedia":[{"embeddable":true,"href":"https:\/\/obispadodezaratecampana.org\/index.php?rest_route=\/wp\/v2\/media\/19140"}],"wp:attachment":[{"href":"https:\/\/obispadodezaratecampana.org\/index.php?rest_route=%2Fwp%2Fv2%2Fmedia&parent=19136"}],"wp:term":[{"taxonomy":"category","embeddable":true,"href":"https:\/\/obispadodezaratecampana.org\/index.php?rest_route=%2Fwp%2Fv2%2Fcategories&post=19136"},{"taxonomy":"post_tag","embeddable":true,"href":"https:\/\/obispadodezaratecampana.org\/index.php?rest_route=%2Fwp%2Fv2%2Ftags&post=19136"}],"curies":[{"name":"wp","href":"https:\/\/api.w.org\/{rel}","templated":true}]}}