{"id":19107,"date":"2025-05-09T11:36:56","date_gmt":"2025-05-09T14:36:56","guid":{"rendered":"https:\/\/obispadodezaratecampana.org\/?p=19107"},"modified":"2025-05-09T11:57:39","modified_gmt":"2025-05-09T14:57:39","slug":"domingo-11-de-mayo-buen-pastor-y-colecta-para-el-sostenimiento-de-nuestro-seminario-san-pedro-y-san-pablo","status":"publish","type":"post","link":"https:\/\/obispadodezaratecampana.org\/?p=19107","title":{"rendered":"Domingo 11 de mayo: Buen Pastor y Colecta para el sostenimiento de nuestro Seminario San Pedro y San Pablo"},"content":{"rendered":"\t\t<div data-elementor-type=\"wp-post\" data-elementor-id=\"19107\" class=\"elementor elementor-19107\">\n\t\t\t\t\t\t<section class=\"elementor-section elementor-top-section elementor-element elementor-element-25d8b96c elementor-section-boxed elementor-section-height-default elementor-section-height-default\" data-id=\"25d8b96c\" data-element_type=\"section\" data-e-type=\"section\">\n\t\t\t\t\t\t<div class=\"elementor-container elementor-column-gap-default\">\n\t\t\t\t\t<div class=\"elementor-column elementor-col-100 elementor-top-column elementor-element elementor-element-480b283c\" data-id=\"480b283c\" data-element_type=\"column\" data-e-type=\"column\">\n\t\t\t<div class=\"elementor-widget-wrap elementor-element-populated\">\n\t\t\t\t\t\t<div class=\"elementor-element elementor-element-32b12cda elementor-widget elementor-widget-text-editor\" data-id=\"32b12cda\" data-element_type=\"widget\" data-e-type=\"widget\" data-widget_type=\"text-editor.default\">\n\t\t\t\t<div class=\"elementor-widget-container\">\n\t\t\t\t\t\t\t\t\t<p style=\"font-weight: 400;\">Buenos Aires, mayo de 2025<\/p><p style=\"font-weight: 400;\">Querida comunidad diocesana:<\/p><p style=\"font-weight: 400;\">El pr\u00f3ximo domingo 11 de mayo, cuarto domingo de Pascua, celebramos en toda la Iglesia el\u00a0<strong>domingo del Buen Pastor<\/strong>, y por tanto en el mismo fin de semana se ha establecido desde hace varios a\u00f1os la\u00a0<strong>Jornada Mundial de Oraci\u00f3n por las Vocaciones<\/strong>.<\/p><p style=\"font-weight: 400;\">Desde el Seminario Diocesano\u00a0<em>\u2018San Pedro y San Pablo\u00b4<\/em> queremos recordar la importancia de rezar como Iglesia para que, como nos recordaba el Papa Francisco, cada joven pueda animarse a preguntarle a Dios qu\u00e9 es lo que \u00e9l sue\u00f1a para ellos (cf. Mensaje de oraci\u00f3n por las vocaciones 2025). La Iglesia, escuchando la voz del Buen Pastor, invita a todos a rogar al Due\u00f1o de los campos que mande operarios a su cosecha para que act\u00faen \u201cpara el anuncio del Evangelio y para la edificaci\u00f3n de Ella, personificando a Cristo, Cabeza y Pastor\u201d (cf. JPII, PDV 15).<\/p><p style=\"font-weight: 400;\">Especialmente,\u00a0<strong>invitamos a todos a rezar<\/strong> por el aumento, la perseverancia y la santificaci\u00f3n de las vocaciones sacerdotales en nuestra Di\u00f3cesis de Z\u00e1rate-Campana, y <strong>por el Papa Le\u00f3n XIV,\u00a0<\/strong>el Buen Pastor que nos ha regalado la providencia en el d\u00eda de Nuestra Se\u00f1ora de Luj\u00e1n: descargar desde <a href=\"https:\/\/drive.google.com\/file\/d\/1M3fBr5K1CLeZA1xwPLvyy-nBBwXejr6q\/view?usp=drive_link\">Oraci\u00f3n por las vocaciones<\/a><a href=\"http:\/\/obispadodezaratecampana.org\/wp-content\/uploads\/2025\/05\/0racion-por-las-vocaciones.jpeg\"><img fetchpriority=\"high\" decoding=\"async\" class=\"aligncenter size-medium wp-image-19120\" src=\"http:\/\/obispadodezaratecampana.org\/wp-content\/uploads\/2025\/05\/0racion-por-las-vocaciones-300x300.jpeg\" alt=\"\" width=\"300\" height=\"300\" srcset=\"https:\/\/obispadodezaratecampana.org\/wp-content\/uploads\/2025\/05\/0racion-por-las-vocaciones-300x300.jpeg 300w, https:\/\/obispadodezaratecampana.org\/wp-content\/uploads\/2025\/05\/0racion-por-las-vocaciones-1024x1024.jpeg 1024w, https:\/\/obispadodezaratecampana.org\/wp-content\/uploads\/2025\/05\/0racion-por-las-vocaciones-150x150.jpeg 150w, https:\/\/obispadodezaratecampana.org\/wp-content\/uploads\/2025\/05\/0racion-por-las-vocaciones-768x768.jpeg 768w, https:\/\/obispadodezaratecampana.org\/wp-content\/uploads\/2025\/05\/0racion-por-las-vocaciones.jpeg 1080w\" sizes=\"(max-width: 300px) 100vw, 300px\" \/><\/a><\/p><p style=\"font-weight: 400;\">Compartimos tambi\u00e9n el\u00a0<u>mensaje del Papa Francisco para esta jornada de oraci\u00f3n por las vocaciones<\/u>: &#8220;<em>Peregrinos de esperanza: el don de la vida&#8221;<\/em> \u00a1Es un regalo que el Papa Francisco nos haya dejado el mensaje para la jornada de oraci\u00f3n por las vocaciones de este a\u00f1o! (disponible para descargar desde <a href=\"https:\/\/drive.google.com\/file\/d\/1xXYICrnWb6f0BRnrTJCxfxKGPSCoSwYx\/view?usp=drive_link\">Mensaje de Francisco<\/a> )<\/p><p style=\"font-weight: 400;\">Y recordamos que la <strong>Colecta de\u00a0las\u00a0misas\u00a0de dicho fin de semana est\u00e1 destinada al sostenimiento de nuestro Seminario Diocesano.<\/strong>\u00a0Tambi\u00e9n se puede colaborar directamente:\u00a0<\/p><p style=\"font-weight: 400;\">_por\u00a0transferencia o dep\u00f3sito bancario:\u00a0Banco Galicia M\u00e1s\u00a0 &#8211; Cta Cte 6133235124\u00a0&#8211; CBU 1500613600061332351246 &#8211; Alias: &#8220;SEMPEDROYPABLOZC&#8221;<\/p><p style=\"font-weight: 400;\">_por Mercado Pago. Alias: &#8220;semidzc&#8221;.<\/p><p style=\"font-weight: 400;\"><span style=\"text-decoration: underline;\">Flyer para la difusi\u00f3n de la colecta de este a\u00f1o, <\/span>disponible para descargar desde <a href=\"https:\/\/drive.google.com\/file\/d\/1M3fBr5K1CLeZA1xwPLvyy-nBBwXejr6q\/view?usp=drive_link\">Afiche Difusi\u00f3n<\/a><\/p><p style=\"font-weight: 400;\">En oraci\u00f3n por cada uno de uds, bienhechores espirituales y materiales de nuestra comunidad del Seminario.<\/p><p style=\"font-weight: 400;\">Pbro. Fernando Fusari (Rector) Seminario\u00a0<em>\u201cSan Pedro y San Pablo\u201d, <\/em>Di\u00f3cesis de Z\u00e1rate-Campana<\/p>\t\t\t\t\t\t\t\t<\/div>\n\t\t\t\t<\/div>\n\t\t\t\t\t<\/div>\n\t\t<\/div>\n\t\t\t\t\t<\/div>\n\t\t<\/section>\n\t\t\t\t<\/div>\n\t\t<!-- AddThis Advanced Settings generic via filter on the_content --><!-- AddThis Share Buttons generic via filter on the_content -->","protected":false},"excerpt":{"rendered":"<p>Buenos Aires, mayo de 2025 Querida comunidad diocesana: El pr\u00f3ximo domingo 11 de mayo, cuarto domingo de Pascua, celebramos en toda la Iglesia el\u00a0domingo del [&hellip;]<!-- AddThis Advanced Settings generic via filter on get_the_excerpt --><!-- AddThis Share Buttons generic via filter on get_the_excerpt --><\/p>\n","protected":false},"author":2,"featured_media":19108,"comment_status":"open","ping_status":"open","sticky":true,"template":"","format":"standard","meta":{"footnotes":""},"categories":[177,5],"tags":[],"class_list":["post-19107","post","type-post","status-publish","format-standard","has-post-thumbnail","hentry","category-diocesanas","category-generales"],"_links":{"self":[{"href":"https:\/\/obispadodezaratecampana.org\/index.php?rest_route=\/wp\/v2\/posts\/19107","targetHints":{"allow":["GET"]}}],"collection":[{"href":"https:\/\/obispadodezaratecampana.org\/index.php?rest_route=\/wp\/v2\/posts"}],"about":[{"href":"https:\/\/obispadodezaratecampana.org\/index.php?rest_route=\/wp\/v2\/types\/post"}],"author":[{"embeddable":true,"href":"https:\/\/obispadodezaratecampana.org\/index.php?rest_route=\/wp\/v2\/users\/2"}],"replies":[{"embeddable":true,"href":"https:\/\/obispadodezaratecampana.org\/index.php?rest_route=%2Fwp%2Fv2%2Fcomments&post=19107"}],"version-history":[{"count":13,"href":"https:\/\/obispadodezaratecampana.org\/index.php?rest_route=\/wp\/v2\/posts\/19107\/revisions"}],"predecessor-version":[{"id":19126,"href":"https:\/\/obispadodezaratecampana.org\/index.php?rest_route=\/wp\/v2\/posts\/19107\/revisions\/19126"}],"wp:featuredmedia":[{"embeddable":true,"href":"https:\/\/obispadodezaratecampana.org\/index.php?rest_route=\/wp\/v2\/media\/19108"}],"wp:attachment":[{"href":"https:\/\/obispadodezaratecampana.org\/index.php?rest_route=%2Fwp%2Fv2%2Fmedia&parent=19107"}],"wp:term":[{"taxonomy":"category","embeddable":true,"href":"https:\/\/obispadodezaratecampana.org\/index.php?rest_route=%2Fwp%2Fv2%2Fcategories&post=19107"},{"taxonomy":"post_tag","embeddable":true,"href":"https:\/\/obispadodezaratecampana.org\/index.php?rest_route=%2Fwp%2Fv2%2Ftags&post=19107"}],"curies":[{"name":"wp","href":"https:\/\/api.w.org\/{rel}","templated":true}]}}