{"id":18980,"date":"2024-10-29T13:13:00","date_gmt":"2024-10-29T16:13:00","guid":{"rendered":"https:\/\/obispadodezaratecampana.org\/?p=18980"},"modified":"2024-11-01T13:16:37","modified_gmt":"2024-11-01T16:16:37","slug":"comunicado-del-clero-de-zarate-campana-para-nuestro-padre-obispo-pedro-laxague","status":"publish","type":"post","link":"https:\/\/obispadodezaratecampana.org\/?p=18980","title":{"rendered":"Comunicado del Clero de Z\u00e1rate-Campana para nuestro Padre Obispo Pedro Laxague"},"content":{"rendered":"\t\t<div data-elementor-type=\"wp-post\" data-elementor-id=\"18980\" class=\"elementor elementor-18980\">\n\t\t\t\t\t\t<section class=\"elementor-section elementor-top-section elementor-element elementor-element-25d8b96c elementor-section-boxed elementor-section-height-default elementor-section-height-default\" data-id=\"25d8b96c\" data-element_type=\"section\" data-e-type=\"section\">\n\t\t\t\t\t\t<div class=\"elementor-container elementor-column-gap-default\">\n\t\t\t\t\t<div class=\"elementor-column elementor-col-100 elementor-top-column elementor-element elementor-element-480b283c\" data-id=\"480b283c\" data-element_type=\"column\" data-e-type=\"column\">\n\t\t\t<div class=\"elementor-widget-wrap elementor-element-populated\">\n\t\t\t\t\t\t<div class=\"elementor-element elementor-element-32b12cda elementor-widget elementor-widget-text-editor\" data-id=\"32b12cda\" data-element_type=\"widget\" data-e-type=\"widget\" data-widget_type=\"text-editor.default\">\n\t\t\t\t<div class=\"elementor-widget-container\">\n\t\t\t\t\t\t\t\t\t<div dir=\"ltr\"><strong>Comunicado del Clero de Z\u00e1rate-Campana<\/strong><\/div><div id=\"m_5140650887213937403AppleMailSignature\" dir=\"ltr\">Querido Pedro:<\/div><div id=\"m_5140650887213937403AppleMailSignature\" dir=\"ltr\">El 3 de noviembre del 2015, fiesta de San Mart\u00edn de Porres, nos enter\u00e1bamos que por Gracia de Dios y voluntad del Santo Padre Francisco, eras nombrado Obispo de Z\u00e1rate-Campana: \u00a1nuestro Obispo!, aquel que en adelante caminar\u00eda junto a nosotros, pastores y laicos, para animar y consolar, para compartir e iluminar a estos tus hijos y hermanos. Llegaste a nosotros con \u201color a familia\u201d, cosa que nos ayud\u00f3 a sanar heridas y recomenzar nuestra marcha de peregrinos.\u00a0<\/div><div id=\"m_5140650887213937403AppleMailSignature\" dir=\"ltr\">Por esto y mucho m\u00e1s, damos Gracias a Dios por tu ser Obispo con nosotros. Agradecemos tu sabidur\u00eda y tu buen humor, que nos han ayudado a superar juntos las tormentas de nuestras vidas. Tu temple sereno, tu coraz\u00f3n paternal y fraterno, nos supieron aconsejar y hacer experimentar la presencia de Jes\u00fas el Buen Pastor, el que siempre est\u00e1 dispuesto a darlo todo.<\/div><div id=\"m_5140650887213937403AppleMailSignature\" dir=\"ltr\">En estos d\u00edas, donde tuviste que superar un problema de salud y que gracias a Dios ya es una an\u00e9cdota, queremos expresarte nuestro cari\u00f1o y cercan\u00eda, y renovar nuestro compromiso de ser buenos colaboradores del orden episcopal, fieles a la Santa Iglesia y al Santo Padre, quien en Evangelii Gaudium 67, nos exhorta: \u201cMientras en el mundo, especialmente en algunos pa\u00edses, reaparecen diversas formas de guerras y enfrentamientos, los cristianos insistimos en nuestra propuesta de reconocer al otro, de sanar las heridas, de construir puentes, de estrechar lazos y de ayudarnos \u00abmutuamente a llevar las cargas\u00bb (Ga 6,2).<\/div><div id=\"m_5140650887213937403AppleMailSignature\" dir=\"ltr\">Caminando juntos hacia la celebraci\u00f3n de los 50 primeros a\u00f1os de la Di\u00f3cesis, queremos ser nosotros los que te bendecimos tanto a vos como al Obispo Auxiliar que nos ha regalado el Papa Francisco: Justo Rodr\u00edguez Gallego. \u00a1S\u00ed, los bendecimos! por todo el Bien que hacen, y por ser ejemplo de verdadera comuni\u00f3n episcopal entre ambos.\u00a0<\/div><div id=\"m_5140650887213937403AppleMailSignature\" dir=\"ltr\">Sacerdotes y Di\u00e1conos de la Di\u00f3cesis de Z\u00e1rate-Campana.<\/div><div id=\"m_5140650887213937403AppleMailSignature\" dir=\"ltr\">29 de octubre 2024<\/div>\t\t\t\t\t\t\t\t<\/div>\n\t\t\t\t<\/div>\n\t\t\t\t\t<\/div>\n\t\t<\/div>\n\t\t\t\t\t<\/div>\n\t\t<\/section>\n\t\t\t\t<\/div>\n\t\t<!-- AddThis Advanced Settings generic via filter on the_content --><!-- AddThis Share Buttons generic via filter on the_content -->","protected":false},"excerpt":{"rendered":"<p>Comunicado del Clero de Z\u00e1rate-CampanaQuerido Pedro:El 3 de noviembre del 2015, fiesta de San Mart\u00edn de Porres, nos enter\u00e1bamos que por Gracia de Dios y [&hellip;]<!-- AddThis Advanced Settings generic via filter on get_the_excerpt --><!-- AddThis Share Buttons generic via filter on get_the_excerpt --><\/p>\n","protected":false},"author":2,"featured_media":18981,"comment_status":"open","ping_status":"open","sticky":true,"template":"","format":"standard","meta":{"footnotes":""},"categories":[177],"tags":[],"class_list":["post-18980","post","type-post","status-publish","format-standard","has-post-thumbnail","hentry","category-diocesanas"],"_links":{"self":[{"href":"https:\/\/obispadodezaratecampana.org\/index.php?rest_route=\/wp\/v2\/posts\/18980","targetHints":{"allow":["GET"]}}],"collection":[{"href":"https:\/\/obispadodezaratecampana.org\/index.php?rest_route=\/wp\/v2\/posts"}],"about":[{"href":"https:\/\/obispadodezaratecampana.org\/index.php?rest_route=\/wp\/v2\/types\/post"}],"author":[{"embeddable":true,"href":"https:\/\/obispadodezaratecampana.org\/index.php?rest_route=\/wp\/v2\/users\/2"}],"replies":[{"embeddable":true,"href":"https:\/\/obispadodezaratecampana.org\/index.php?rest_route=%2Fwp%2Fv2%2Fcomments&post=18980"}],"version-history":[{"count":4,"href":"https:\/\/obispadodezaratecampana.org\/index.php?rest_route=\/wp\/v2\/posts\/18980\/revisions"}],"predecessor-version":[{"id":18985,"href":"https:\/\/obispadodezaratecampana.org\/index.php?rest_route=\/wp\/v2\/posts\/18980\/revisions\/18985"}],"wp:featuredmedia":[{"embeddable":true,"href":"https:\/\/obispadodezaratecampana.org\/index.php?rest_route=\/wp\/v2\/media\/18981"}],"wp:attachment":[{"href":"https:\/\/obispadodezaratecampana.org\/index.php?rest_route=%2Fwp%2Fv2%2Fmedia&parent=18980"}],"wp:term":[{"taxonomy":"category","embeddable":true,"href":"https:\/\/obispadodezaratecampana.org\/index.php?rest_route=%2Fwp%2Fv2%2Fcategories&post=18980"},{"taxonomy":"post_tag","embeddable":true,"href":"https:\/\/obispadodezaratecampana.org\/index.php?rest_route=%2Fwp%2Fv2%2Ftags&post=18980"}],"curies":[{"name":"wp","href":"https:\/\/api.w.org\/{rel}","templated":true}]}}