{"id":18965,"date":"2024-11-01T10:33:45","date_gmt":"2024-11-01T13:33:45","guid":{"rendered":"https:\/\/obispadodezaratecampana.org\/?p=18965"},"modified":"2025-03-16T19:08:59","modified_gmt":"2025-03-16T22:08:59","slug":"sabado-2-de-noviembre-2024-peregrinacion-anual-a-pie-a-lujan","status":"publish","type":"post","link":"https:\/\/obispadodezaratecampana.org\/?p=18965","title":{"rendered":"S\u00e1bado 2 de noviembre 2024: Peregrinaci\u00f3n Anual a pie a Luj\u00e1n"},"content":{"rendered":"<p><strong><u>47\u00b0 Peregrinaci\u00f3n a pie a Luj\u00e1n<\/u><\/strong><strong>: <\/strong><\/p>\n<p>Jueves 24 de octubre de 2024<\/p>\n<p>La Di\u00f3cesis de Z\u00e1rate-Campana se complace en anunciar la realizaci\u00f3n de la Peregrinaci\u00f3n a pie a Luj\u00e1n, que se llevar\u00e1 a cabo el <strong style=\"font-family: var( --e-global-typography-text-font-family ), Sans-serif;\">s\u00e1bado 2 de noviembre<\/strong>. Este evento, que celebra su <strong style=\"font-family: var( --e-global-typography-text-font-family ), Sans-serif;\">47\u00aa edici\u00f3n<\/strong>, lleva el lema <strong style=\"font-family: var( --e-global-typography-text-font-family ), Sans-serif;\">\u201cComo Mar\u00eda: Peregrinos de esperanza\u201d<\/strong> y se enmarca dentro de las celebraciones del Jubileo 2025 del Papa Francisco, adem\u00e1s de ser una preparaci\u00f3n para el <strong style=\"font-family: var( --e-global-typography-text-font-family ), Sans-serif;\">50\u00ba aniversario de la di\u00f3cesis en 2026<\/strong>.<\/p>\n<p><strong>Horarios de Salidas<\/strong><\/p>\n<ul>\n<li><strong>Z\u00e1rate<\/strong>: Parroquia Nuestra Se\u00f1ora del Carmen a las <strong>16:00 hs<\/strong>.<\/li>\n<li><strong>Campana<\/strong>: Catedral Santa Florentina a las <strong>18:00 hs<\/strong>.<\/li>\n<li><strong>Pilar<\/strong>: Parroquia Nuestra Se\u00f1ora del Pilar a las <strong>23:00 hs<\/strong>.<\/li>\n<\/ul>\n<p>Cada salida ser\u00e1 bendecida por el obispo diocesano, <strong>Monse\u00f1or Pedro Laxague<\/strong>. Durante el recorrido, las comunidades de Areco, Baradero, Escobar y Exaltaci\u00f3n de la Cruz se unir\u00e1n a los peregrinos, convirtiendo esta jornada en una verdadera celebraci\u00f3n de unidad y fe.<\/p>\n<p><strong>Asistencia y Cobertura a nivel Provincial y Municipal en cada zona de influencia.<\/strong><\/p>\n<p>A lo largo del camino, habr\u00e1 paradas de asistencia al peregrino, con el respectivo apoyo:<\/p>\n<ul>\n<li><strong>Cruz Roja Argentina<\/strong><\/li>\n<li><strong>Polic\u00eda de la Provincia<\/strong><\/li>\n<li><strong>C\u00e1ritas<\/strong><\/li>\n<li><strong>Escuelas de Enfermer\u00eda<\/strong><\/li>\n<li><strong>Infanter\u00eda<\/strong><\/li>\n<li><strong>Bomberos Voluntarios<\/strong><\/li>\n<li><strong>Defensa Civil<\/strong><\/li>\n<li><strong>Seguridad Vial<\/strong><\/li>\n<li><strong>M\u00f3viles de apoyo<\/strong><\/li>\n<li><strong>Puestos de agua a cargo de la empresa ABSA<\/strong><\/li>\n<li><strong>Mate cocido<\/strong><\/li>\n<li><strong>Animaci\u00f3n<\/strong><\/li>\n<\/ul>\n<p><strong>En la Bas\u00edlica<\/strong><\/p>\n<p>Desde las <strong>03:00 hs<\/strong> del domingo 3 de noviembre, habr\u00e1 di\u00e1conos bendiciendo a los peregrinos y sacerdotes disponibles para escuchar confesiones. La peregrinaci\u00f3n culminar\u00e1 con la <strong>Santa Misa<\/strong> a las <strong>6:00 hs<\/strong> del 3 de noviembre en la Bas\u00edlica de Luj\u00e1n, presidida por <strong>Monse\u00f1or Laxague<\/strong>.<\/p>\n<p>\u00a1Los esperamos para compartir esta jornada de fe y esperanza!<\/p>\n<p><strong>Actividades en las Salidas<\/strong><\/p>\n<p>Para aquellos que no pueden participar caminando, se les invita a acompa\u00f1ar a trav\u00e9s de la oraci\u00f3n y a apoyar a los peregrinos desde sus comunidades. Aqu\u00ed hay un resumen de las actividades programadas:<\/p>\n<ul>\n<li><strong>Z\u00e1rate<\/strong>: A partir de las 15:30 hs, habr\u00e1 animaciones.<\/li>\n<li><strong>Campana<\/strong>: A las 17:30 hs, el Ballet de Jes\u00fas rendir\u00e1 homenaje a la Virgen de Luj\u00e1n, seguido de una sesi\u00f3n de preparaci\u00f3n f\u00edsica a cargo del Dr. Christian De Baggae.<\/li>\n<li><strong>Pilar<\/strong>: A las 21:30 hs, se congregar\u00e1n y a las 22:00 hs se celebrar\u00e1 la Misa de salida.<\/li>\n<\/ul>\n<p>Adem\u00e1s, invitamos a peregrinos y a la comunidad a colaborar con un alimento no perecedero para C\u00e1ritas, llev\u00e1ndolo a alguna de las salidas. Juntos promovemos la solidaridad y la esperanza hacia quienes est\u00e1n en situaci\u00f3n de vulnerabilidad.<\/p>\n<p>Agradecemos a todos los fieles que se sumar\u00e1n a esta peregrinaci\u00f3n y los invitamos a vivir este momento de uni\u00f3n espiritual y esperanza. \u00a1Los esperamos!<\/p>\n<p><strong>Importancia de la Peregrinaci\u00f3n<\/strong><\/p>\n<p>La peregrinaci\u00f3n es un acto de fe y devoci\u00f3n que re\u00fane a miles de personas de la regi\u00f3n. Su significado va m\u00e1s all\u00e1 de lo religioso; busca fomentar la unidad y la solidaridad entre los participantes.<\/p>\n<p>Este encuentro espiritual permite a los fieles fortalecer su conexi\u00f3n con lo sagrado y vivir momentos de comunidad. Adem\u00e1s, la peregrinaci\u00f3n es una oportunidad para compartir experiencias, tradiciones y valores, promoviendo un sentido de pertenencia y apoyo mutuo.<\/p>\n<p>En tiempos de desaf\u00edos, este acto de fe se convierte en un s\u00edmbolo de esperanza y renovaci\u00f3n, record\u00e1ndonos la importancia de caminar juntos en la vida.<\/p>\n<p><strong>Recomendaciones para los Peregrinos<\/strong><\/p>\n<p>Para que la peregrinaci\u00f3n sea una experiencia c\u00f3moda y enriquecedora, se aconseja a los peregrinos seguir estas recomendaciones:<\/p>\n<ul>\n<li><strong>Vestimenta<\/strong>: Usar ropa clara y liviana (evitar jeans).<\/li>\n<li><strong>Calzado<\/strong>: Llevar zapatillas usadas, c\u00f3modas para caminar.<\/li>\n<li><strong>Abrigo<\/strong>: Incluir una campera liviana.<\/li>\n<li><strong>Accesorios<\/strong>: No olvidar una linterna y chaleco refractario para mayor visibilidad.<\/li>\n<li><strong>Alimentos<\/strong>: Llevar frutas para mantenerse hidratado y con energ\u00eda.<\/li>\n<li><strong>Medicamentos<\/strong>: Llevar los medicamentos necesarios, si es el caso.<\/li>\n<li><strong>Responsabilidad ambiental<\/strong>: Traer una bolsa para recoger los residuos generados durante el trayecto.<\/li>\n<\/ul>\n<p>\u00a1Que la peregrinaci\u00f3n sea una experiencia de fe enriquecedora!<\/p>\n<p><strong>Informaci\u00f3n para los Vecinos<\/strong><\/p>\n<p>Agradecemos la comprensi\u00f3n y colaboraci\u00f3n de todos los vecinos para que este evento se desarrolle de manera segura y ordenada. \u00a1Juntos haremos de esta peregrinaci\u00f3n una experiencia memorable!<\/p>\n<p><strong>M\u00e1s Informaci\u00f3n<\/strong><\/p>\n<p>Para estar al tanto de todas las novedades sobre la peregrinaci\u00f3n, s\u00edguenos en nuestras redes sociales:<\/p>\n<ul>\n<li><strong>Instagram<\/strong>: <a href=\"https:\/\/www.instagram.com\/perelujanzc\">perelujanzc<\/a><\/li>\n<li><strong>Facebook<\/strong>: <a href=\"https:\/\/www.facebook.com\/PeregrinacionALujanZarateCampana\">Peregrinaci\u00f3n a Luj\u00e1n \u2013 Di\u00f3cesis de Z\u00e1rate Campana<\/a><\/li>\n<\/ul>\n<p>Si necesitas m\u00e1s informaci\u00f3n, no dudes en comunicarte con la Peregrinaci\u00f3n diocesana a trav\u00e9s de: <strong>peregrinacionalujan@gmail.com<\/strong>.<\/p>\n<p>\u00a1Te esperamos!<\/p>\n<!-- AddThis Advanced Settings generic via filter on the_content --><!-- AddThis Share Buttons generic via filter on the_content -->","protected":false},"excerpt":{"rendered":"<p>47\u00b0 Peregrinaci\u00f3n a pie a Luj\u00e1n: Jueves 24 de octubre de 2024 La Di\u00f3cesis de Z\u00e1rate-Campana se complace en anunciar la realizaci\u00f3n de la Peregrinaci\u00f3n [&hellip;]<!-- AddThis Advanced Settings generic via filter on get_the_excerpt --><!-- AddThis Share Buttons generic via filter on get_the_excerpt --><\/p>\n","protected":false},"author":2,"featured_media":18966,"comment_status":"open","ping_status":"open","sticky":true,"template":"","format":"standard","meta":{"footnotes":""},"categories":[177,5],"tags":[],"class_list":["post-18965","post","type-post","status-publish","format-standard","has-post-thumbnail","hentry","category-diocesanas","category-generales"],"_links":{"self":[{"href":"https:\/\/obispadodezaratecampana.org\/index.php?rest_route=\/wp\/v2\/posts\/18965","targetHints":{"allow":["GET"]}}],"collection":[{"href":"https:\/\/obispadodezaratecampana.org\/index.php?rest_route=\/wp\/v2\/posts"}],"about":[{"href":"https:\/\/obispadodezaratecampana.org\/index.php?rest_route=\/wp\/v2\/types\/post"}],"author":[{"embeddable":true,"href":"https:\/\/obispadodezaratecampana.org\/index.php?rest_route=\/wp\/v2\/users\/2"}],"replies":[{"embeddable":true,"href":"https:\/\/obispadodezaratecampana.org\/index.php?rest_route=%2Fwp%2Fv2%2Fcomments&post=18965"}],"version-history":[{"count":10,"href":"https:\/\/obispadodezaratecampana.org\/index.php?rest_route=\/wp\/v2\/posts\/18965\/revisions"}],"predecessor-version":[{"id":18977,"href":"https:\/\/obispadodezaratecampana.org\/index.php?rest_route=\/wp\/v2\/posts\/18965\/revisions\/18977"}],"wp:featuredmedia":[{"embeddable":true,"href":"https:\/\/obispadodezaratecampana.org\/index.php?rest_route=\/wp\/v2\/media\/18966"}],"wp:attachment":[{"href":"https:\/\/obispadodezaratecampana.org\/index.php?rest_route=%2Fwp%2Fv2%2Fmedia&parent=18965"}],"wp:term":[{"taxonomy":"category","embeddable":true,"href":"https:\/\/obispadodezaratecampana.org\/index.php?rest_route=%2Fwp%2Fv2%2Fcategories&post=18965"},{"taxonomy":"post_tag","embeddable":true,"href":"https:\/\/obispadodezaratecampana.org\/index.php?rest_route=%2Fwp%2Fv2%2Ftags&post=18965"}],"curies":[{"name":"wp","href":"https:\/\/api.w.org\/{rel}","templated":true}]}}