{"id":18940,"date":"2024-08-17T11:04:00","date_gmt":"2024-08-17T14:04:00","guid":{"rendered":"https:\/\/obispadodezaratecampana.org\/?p=18940"},"modified":"2024-09-17T11:12:52","modified_gmt":"2024-09-17T14:12:52","slug":"novedades-en-fechas-diocesis-de-zarate-campana","status":"publish","type":"post","link":"https:\/\/obispadodezaratecampana.org\/?p=18940","title":{"rendered":"Novedades en fechas: Di\u00f3cesis de Z\u00e1rate-Campana"},"content":{"rendered":"\t\t<div data-elementor-type=\"wp-post\" data-elementor-id=\"18940\" class=\"elementor elementor-18940\">\n\t\t\t\t\t\t<section class=\"elementor-section elementor-top-section elementor-element elementor-element-25d8b96c elementor-section-boxed elementor-section-height-default elementor-section-height-default\" data-id=\"25d8b96c\" data-element_type=\"section\" data-e-type=\"section\">\n\t\t\t\t\t\t<div class=\"elementor-container elementor-column-gap-default\">\n\t\t\t\t\t<div class=\"elementor-column elementor-col-100 elementor-top-column elementor-element elementor-element-480b283c\" data-id=\"480b283c\" data-element_type=\"column\" data-e-type=\"column\">\n\t\t\t<div class=\"elementor-widget-wrap elementor-element-populated\">\n\t\t\t\t\t\t<div class=\"elementor-element elementor-element-32b12cda elementor-widget elementor-widget-text-editor\" data-id=\"32b12cda\" data-element_type=\"widget\" data-e-type=\"widget\" data-widget_type=\"text-editor.default\">\n\t\t\t\t<div class=\"elementor-widget-container\">\n\t\t\t\t\t\t\t\t\t<p dir=\"ltr\"><span style=\"font-family: verdana, sans-serif;\"><b>S\u00e1bado\u00a0<span class=\"il\">17<\/span>\u00a0de\u00a0<span class=\"il\">agosto<\/span>\u00a02024:\u00a0<span class=\"il\">Novedades<\/span>\u00a0Di\u00f3cesis de Z\u00e1rate-Campana<\/b><\/span><b><\/b><\/p><p><span style=\"color: #1f1f1f; font-family: verdana, sans-serif;\"><b>Nombramientos<\/b><\/span><\/p><p><span style=\"font-family: verdana, sans-serif;\">El Pbro. Lucas Martinez ha sido nombrado P\u00e1rroco de las dos Parroquias de Gar\u00edn: Santa Teresa de Jesus y Jesus Misericordioso.\u00a0<\/span><\/p><p><span style=\"font-family: verdana, sans-serif;\">Lo acompa\u00f1an el Pbro. Dario Cuello como Vicario Parroquial y el Di\u00e1cono Sebasti\u00e1n S\u00e1enz.<\/span><\/p><p><span style=\"font-family: verdana, sans-serif;\">El Pbro. Cristian Carrale\u00a0ha sido nombrado P\u00e1rroco de Santiago Ap\u00f3stol de Baradero.\u00a0<\/span><\/p><p><span style=\"color: #1f1f1f; font-family: verdana, sans-serif;\"><b>Reuni\u00f3n Colegio Consultores<\/b><\/span><\/p><p><span style=\"color: #1f1f1f; font-family: verdana, sans-serif;\">Martes 20 de\u00a0<span class=\"il\">agosto<\/span>: se reunir\u00e1n los sacerdotes integrantes del Colegio de Consultores.\u00a0<\/span><\/p><p><span style=\"font-family: verdana, sans-serif;\"><b>ENDICA<\/b><br \/><\/span><\/p><p><span style=\"color: #1f1f1f; font-family: verdana, sans-serif;\">S\u00e1bado 24 de\u00a0<span class=\"il\">agosto<\/span>, bajo el lema &#8220;Catequistas: Misioneros de la Sinodalidad&#8221;, en Club Municipal\u00a0Lionel Messi, Derqui.\u00a0<\/span><\/p><div><span style=\"color: #1f1f1f; font-family: verdana, sans-serif;\"><b>Encuentro Diocesano IAM\u00a0<\/b><\/span><\/div><div><span style=\"color: #1f1f1f; font-family: verdana, sans-serif;\">Domingo 25 de\u00a0<span class=\"il\">agosto<\/span>, bajo el lema &#8220;Vayan e inviten a todos al Banquete&#8221;, en Baradero.\u00a0<\/span><\/div><p><span style=\"color: #1f1f1f; font-family: verdana, sans-serif;\"><b>Retiro Anual del Clero\u00a0<\/b><\/span><\/p><p><span style=\"color: #1f1f1f; font-family: verdana, sans-serif;\">Desde el lunes 24 al jueves 26 de septiembre en La Montonera, Pilar.\u00a0<\/span><\/p><p><span style=\"color: #1f1f1f; font-family: verdana, sans-serif;\"><b>XVIII Misi\u00f3n Juvenil Diocesana\u00a0<\/b><\/span><\/p><p><span style=\"color: #1f1f1f; font-family: verdana, sans-serif;\">Viernes 4, S\u00e1bado 5 y Domingo 6 de octubre, en la Parroquia Nuestra Sra. del Carmen de Z\u00e1rate.\u00a0<\/span><\/p><p><span style=\"color: #1f1f1f; font-family: verdana, sans-serif;\"><b>Ordenaciones\u00a0<\/b><\/span><\/p><p><span style=\"color: #1f1f1f; font-family: verdana, sans-serif;\">Diaconales: s\u00e1bado 9 de noviembre 11 hs, lugar a definir.\u00a0<\/span><\/p><p><span style=\"color: #1f1f1f; font-family: verdana, sans-serif;\">Ordenaci\u00f3n\u00a0Presbiteral: Di\u00e1cono Sebasti\u00e1n S\u00e1enz s\u00e1bado 16 de noviembre 11 hs en la Parroquia Santiago Ap\u00f3stol de Baradero.\u00a0<\/span><\/p><p><span style=\"color: #1f1f1f; font-family: verdana, sans-serif;\"><b>Peregrinaci\u00f3n diocesana a pie a Lujan<\/b><\/span><\/p><p><span style=\"font-family: verdana, sans-serif;\">S\u00e1bado 2 y Domingo 3 de noviembre 2024, bajo el lema &#8220;Como Mar\u00eda, peregrinos de esperanza&#8221;.\u00a0<\/span><\/p>\t\t\t\t\t\t\t\t<\/div>\n\t\t\t\t<\/div>\n\t\t\t\t\t<\/div>\n\t\t<\/div>\n\t\t\t\t\t<\/div>\n\t\t<\/section>\n\t\t\t\t<\/div>\n\t\t<!-- AddThis Advanced Settings generic via filter on the_content --><!-- AddThis Share Buttons generic via filter on the_content -->","protected":false},"excerpt":{"rendered":"<p>S\u00e1bado\u00a017\u00a0de\u00a0agosto\u00a02024:\u00a0Novedades\u00a0Di\u00f3cesis de Z\u00e1rate-Campana Nombramientos El Pbro. Lucas Martinez ha sido nombrado P\u00e1rroco de las dos Parroquias de Gar\u00edn: Santa Teresa de Jesus y Jesus Misericordioso.\u00a0 [&hellip;]<!-- AddThis Advanced Settings generic via filter on get_the_excerpt --><!-- AddThis Share Buttons generic via filter on get_the_excerpt --><\/p>\n","protected":false},"author":2,"featured_media":18539,"comment_status":"open","ping_status":"open","sticky":false,"template":"","format":"standard","meta":{"footnotes":""},"categories":[177],"tags":[],"class_list":["post-18940","post","type-post","status-publish","format-standard","has-post-thumbnail","hentry","category-diocesanas"],"_links":{"self":[{"href":"https:\/\/obispadodezaratecampana.org\/index.php?rest_route=\/wp\/v2\/posts\/18940","targetHints":{"allow":["GET"]}}],"collection":[{"href":"https:\/\/obispadodezaratecampana.org\/index.php?rest_route=\/wp\/v2\/posts"}],"about":[{"href":"https:\/\/obispadodezaratecampana.org\/index.php?rest_route=\/wp\/v2\/types\/post"}],"author":[{"embeddable":true,"href":"https:\/\/obispadodezaratecampana.org\/index.php?rest_route=\/wp\/v2\/users\/2"}],"replies":[{"embeddable":true,"href":"https:\/\/obispadodezaratecampana.org\/index.php?rest_route=%2Fwp%2Fv2%2Fcomments&post=18940"}],"version-history":[{"count":4,"href":"https:\/\/obispadodezaratecampana.org\/index.php?rest_route=\/wp\/v2\/posts\/18940\/revisions"}],"predecessor-version":[{"id":18944,"href":"https:\/\/obispadodezaratecampana.org\/index.php?rest_route=\/wp\/v2\/posts\/18940\/revisions\/18944"}],"wp:featuredmedia":[{"embeddable":true,"href":"https:\/\/obispadodezaratecampana.org\/index.php?rest_route=\/wp\/v2\/media\/18539"}],"wp:attachment":[{"href":"https:\/\/obispadodezaratecampana.org\/index.php?rest_route=%2Fwp%2Fv2%2Fmedia&parent=18940"}],"wp:term":[{"taxonomy":"category","embeddable":true,"href":"https:\/\/obispadodezaratecampana.org\/index.php?rest_route=%2Fwp%2Fv2%2Fcategories&post=18940"},{"taxonomy":"post_tag","embeddable":true,"href":"https:\/\/obispadodezaratecampana.org\/index.php?rest_route=%2Fwp%2Fv2%2Ftags&post=18940"}],"curies":[{"name":"wp","href":"https:\/\/api.w.org\/{rel}","templated":true}]}}