{"id":18921,"date":"2024-09-14T12:05:15","date_gmt":"2024-09-14T15:05:15","guid":{"rendered":"https:\/\/obispadodezaratecampana.org\/?p=18921"},"modified":"2024-09-14T12:15:42","modified_gmt":"2024-09-14T15:15:42","slug":"sabado-14-de-septiembre-festejo-de-los-25-anos-nuestra-sra-del-cielo","status":"publish","type":"post","link":"https:\/\/obispadodezaratecampana.org\/?p=18921","title":{"rendered":"S\u00e1bado 14 de septiembre: Festejo de los 25 a\u00f1os Nuestra Sra. del Cielo"},"content":{"rendered":"\t\t<div data-elementor-type=\"wp-post\" data-elementor-id=\"18921\" class=\"elementor elementor-18921\">\n\t\t\t\t\t\t<section class=\"elementor-section elementor-top-section elementor-element elementor-element-25d8b96c elementor-section-boxed elementor-section-height-default elementor-section-height-default\" data-id=\"25d8b96c\" data-element_type=\"section\" data-e-type=\"section\">\n\t\t\t\t\t\t<div class=\"elementor-container elementor-column-gap-default\">\n\t\t\t\t\t<div class=\"elementor-column elementor-col-100 elementor-top-column elementor-element elementor-element-480b283c\" data-id=\"480b283c\" data-element_type=\"column\" data-e-type=\"column\">\n\t\t\t<div class=\"elementor-widget-wrap elementor-element-populated\">\n\t\t\t\t\t\t<div class=\"elementor-element elementor-element-32b12cda elementor-widget elementor-widget-text-editor\" data-id=\"32b12cda\" data-element_type=\"widget\" data-e-type=\"widget\" data-widget_type=\"text-editor.default\">\n\t\t\t\t<div class=\"elementor-widget-container\">\n\t\t\t\t\t\t\t\t\t<p><strong>M\u00e1s informaci\u00f3n sobre Nuestra Se\u00f1ora del Cielo en: <a href=\"https:\/\/www.nuestrasenoradelcielo.net\/\">https:\/\/www.nuestrasenoradelcielo.net\/\u00a0<\/a><\/strong><\/p><p><a href=\"http:\/\/obispadodezaratecampana.org\/wp-content\/uploads\/2024\/09\/PHOTO-2024-09-14-11-03-59-3.jpg\"><img fetchpriority=\"high\" decoding=\"async\" class=\"aligncenter wp-image-18927 size-large\" src=\"http:\/\/obispadodezaratecampana.org\/wp-content\/uploads\/2024\/09\/PHOTO-2024-09-14-11-03-59-3-659x1024.jpg\" alt=\"\" width=\"659\" height=\"1024\" srcset=\"https:\/\/obispadodezaratecampana.org\/wp-content\/uploads\/2024\/09\/PHOTO-2024-09-14-11-03-59-3-659x1024.jpg 659w, https:\/\/obispadodezaratecampana.org\/wp-content\/uploads\/2024\/09\/PHOTO-2024-09-14-11-03-59-3-193x300.jpg 193w, https:\/\/obispadodezaratecampana.org\/wp-content\/uploads\/2024\/09\/PHOTO-2024-09-14-11-03-59-3-768x1193.jpg 768w, https:\/\/obispadodezaratecampana.org\/wp-content\/uploads\/2024\/09\/PHOTO-2024-09-14-11-03-59-3.jpg 824w\" sizes=\"(max-width: 659px) 100vw, 659px\" \/><\/a><\/p><p><a href=\"http:\/\/obispadodezaratecampana.org\/wp-content\/uploads\/2024\/09\/PHOTO-2024-09-14-11-03-59-1.jpg\"><img decoding=\"async\" class=\"aligncenter wp-image-18926 size-large\" src=\"http:\/\/obispadodezaratecampana.org\/wp-content\/uploads\/2024\/09\/PHOTO-2024-09-14-11-03-59-1-790x1024.jpg\" alt=\"\" width=\"790\" height=\"1024\" srcset=\"https:\/\/obispadodezaratecampana.org\/wp-content\/uploads\/2024\/09\/PHOTO-2024-09-14-11-03-59-1-790x1024.jpg 790w, https:\/\/obispadodezaratecampana.org\/wp-content\/uploads\/2024\/09\/PHOTO-2024-09-14-11-03-59-1-231x300.jpg 231w, https:\/\/obispadodezaratecampana.org\/wp-content\/uploads\/2024\/09\/PHOTO-2024-09-14-11-03-59-1-768x996.jpg 768w, https:\/\/obispadodezaratecampana.org\/wp-content\/uploads\/2024\/09\/PHOTO-2024-09-14-11-03-59-1.jpg 987w\" sizes=\"(max-width: 790px) 100vw, 790px\" \/><\/a><\/p><p><a href=\"http:\/\/obispadodezaratecampana.org\/wp-content\/uploads\/2024\/09\/PHOTO-2024-09-14-11-03-59-2.jpg\"><img decoding=\"async\" class=\"aligncenter wp-image-18925 size-large\" src=\"http:\/\/obispadodezaratecampana.org\/wp-content\/uploads\/2024\/09\/PHOTO-2024-09-14-11-03-59-2-790x1024.jpg\" alt=\"Flores a Mar\u00eda\" width=\"790\" height=\"1024\" srcset=\"https:\/\/obispadodezaratecampana.org\/wp-content\/uploads\/2024\/09\/PHOTO-2024-09-14-11-03-59-2-790x1024.jpg 790w, https:\/\/obispadodezaratecampana.org\/wp-content\/uploads\/2024\/09\/PHOTO-2024-09-14-11-03-59-2-231x300.jpg 231w, https:\/\/obispadodezaratecampana.org\/wp-content\/uploads\/2024\/09\/PHOTO-2024-09-14-11-03-59-2-768x996.jpg 768w, https:\/\/obispadodezaratecampana.org\/wp-content\/uploads\/2024\/09\/PHOTO-2024-09-14-11-03-59-2.jpg 987w\" sizes=\"(max-width: 790px) 100vw, 790px\" \/><\/a><\/p>\t\t\t\t\t\t\t\t<\/div>\n\t\t\t\t<\/div>\n\t\t\t\t\t<\/div>\n\t\t<\/div>\n\t\t\t\t\t<\/div>\n\t\t<\/section>\n\t\t\t\t<\/div>\n\t\t<!-- AddThis Advanced Settings generic via filter on the_content --><!-- AddThis Share Buttons generic via filter on the_content -->","protected":false},"excerpt":{"rendered":"<p>M\u00e1s informaci\u00f3n sobre Nuestra Se\u00f1ora del Cielo en: https:\/\/www.nuestrasenoradelcielo.net\/\u00a0<!-- AddThis Advanced Settings generic via filter on get_the_excerpt --><!-- AddThis Share Buttons generic via filter on get_the_excerpt --><\/p>\n","protected":false},"author":2,"featured_media":18922,"comment_status":"open","ping_status":"open","sticky":true,"template":"","format":"standard","meta":{"footnotes":""},"categories":[177,4],"tags":[],"class_list":["post-18921","post","type-post","status-publish","format-standard","has-post-thumbnail","hentry","category-diocesanas","category-movimientosinstituciones"],"_links":{"self":[{"href":"https:\/\/obispadodezaratecampana.org\/index.php?rest_route=\/wp\/v2\/posts\/18921","targetHints":{"allow":["GET"]}}],"collection":[{"href":"https:\/\/obispadodezaratecampana.org\/index.php?rest_route=\/wp\/v2\/posts"}],"about":[{"href":"https:\/\/obispadodezaratecampana.org\/index.php?rest_route=\/wp\/v2\/types\/post"}],"author":[{"embeddable":true,"href":"https:\/\/obispadodezaratecampana.org\/index.php?rest_route=\/wp\/v2\/users\/2"}],"replies":[{"embeddable":true,"href":"https:\/\/obispadodezaratecampana.org\/index.php?rest_route=%2Fwp%2Fv2%2Fcomments&post=18921"}],"version-history":[{"count":13,"href":"https:\/\/obispadodezaratecampana.org\/index.php?rest_route=\/wp\/v2\/posts\/18921\/revisions"}],"predecessor-version":[{"id":18939,"href":"https:\/\/obispadodezaratecampana.org\/index.php?rest_route=\/wp\/v2\/posts\/18921\/revisions\/18939"}],"wp:featuredmedia":[{"embeddable":true,"href":"https:\/\/obispadodezaratecampana.org\/index.php?rest_route=\/wp\/v2\/media\/18922"}],"wp:attachment":[{"href":"https:\/\/obispadodezaratecampana.org\/index.php?rest_route=%2Fwp%2Fv2%2Fmedia&parent=18921"}],"wp:term":[{"taxonomy":"category","embeddable":true,"href":"https:\/\/obispadodezaratecampana.org\/index.php?rest_route=%2Fwp%2Fv2%2Fcategories&post=18921"},{"taxonomy":"post_tag","embeddable":true,"href":"https:\/\/obispadodezaratecampana.org\/index.php?rest_route=%2Fwp%2Fv2%2Ftags&post=18921"}],"curies":[{"name":"wp","href":"https:\/\/api.w.org\/{rel}","templated":true}]}}