{"id":18908,"date":"2024-09-12T20:50:38","date_gmt":"2024-09-12T23:50:38","guid":{"rendered":"https:\/\/obispadodezaratecampana.org\/?p=18908"},"modified":"2024-09-12T20:57:07","modified_gmt":"2024-09-12T23:57:07","slug":"feliz-aniversario-el-padre-pedro-brunori-cumple-25-anos-de-sacerdote","status":"publish","type":"post","link":"https:\/\/obispadodezaratecampana.org\/?p=18908","title":{"rendered":"\u00a1Feliz Aniversario! El Padre Pedro Brunori cumple 25 a\u00f1os de sacerdote"},"content":{"rendered":"\t\t<div data-elementor-type=\"wp-post\" data-elementor-id=\"18908\" class=\"elementor elementor-18908\">\n\t\t\t\t\t\t<section class=\"elementor-section elementor-top-section elementor-element elementor-element-25d8b96c elementor-section-boxed elementor-section-height-default elementor-section-height-default\" data-id=\"25d8b96c\" data-element_type=\"section\" data-e-type=\"section\">\n\t\t\t\t\t\t<div class=\"elementor-container elementor-column-gap-default\">\n\t\t\t\t\t<div class=\"elementor-column elementor-col-100 elementor-top-column elementor-element elementor-element-480b283c\" data-id=\"480b283c\" data-element_type=\"column\" data-e-type=\"column\">\n\t\t\t<div class=\"elementor-widget-wrap elementor-element-populated\">\n\t\t\t\t\t\t<div class=\"elementor-element elementor-element-32b12cda elementor-widget elementor-widget-text-editor\" data-id=\"32b12cda\" data-element_type=\"widget\" data-e-type=\"widget\" data-widget_type=\"text-editor.default\">\n\t\t\t\t<div class=\"elementor-widget-container\">\n\t\t\t\t\t\t\t\t\t<p>Queridos amigos:<\/p><p>El jueves 12 de septiembre, fiesta del Dulce Nombre de Mar\u00eda, Madre del Bell\u2019amore (del Amor Hermoso), celebrar\u00e9 con inmensa alegr\u00eda el 25\u00b0 aniversario de mi ordenaci\u00f3n sacerdotal. Hace ya un cuarto de siglo, en 1999, Mons. Javier Echeverr\u00eda, entonces prelado del Opus Dei y un verdadero padre para m\u00ed, me impuso sus manos, y con ello, Dios me concedi\u00f3 el gran don del sacerdocio.<\/p><p>Desde tiempos antiguos, alcanzar esta cifra ha sido considerado un hito importante, y para m\u00ed, representa un testimonio especial de la infinita misericordia y bondad de nuestro Padre Dios. Quiero compartir con ustedes esta profunda alegr\u00eda y pedirles que me acompa\u00f1en en la gratitud al Se\u00f1or y a su Sant\u00edsima Madre. Ojal\u00e1 pueda yo aprovechar, sin dejar pasar, las gracias que el Cielo me concede en este momento tan significativo.<\/p><p>No puedo dejar de recordar con ternura el momento en que el querid\u00edsimo Beato \u00c1lvaro me dirigi\u00f3 ese entra\u00f1able llamado al sacerdocio, muchos a\u00f1os antes. Por convenientes razones profesionales \u2014este a\u00f1o tambi\u00e9n cumplo 50 a\u00f1os como ingeniero\u2014 y por la insondable providencia divina, mi ordenaci\u00f3n se pospuso. Sus palabras en lat\u00edn a\u00fan resuenan en mi coraz\u00f3n: \u201cPedro, differetur non auferetur\u201d (lo que se difiere, no se quita).<\/p><p>A lo largo de estos 25 a\u00f1os, solo por el Amor y la gracia de Dios, he tenido el inmenso privilegio de celebrar m\u00e1s de 10.000 veces la Santa Misa, confesar a alrededor de 50.000 almas, y administrar todos los sacramentos de nuestra fe. Pienso que muchos, con mucho menos, han alcanzado la santidad, y yo me siento -en verdad- tan distante&#8230;<\/p><p>Por eso, les pido con humildad que me acompa\u00f1en con sus oraciones, para que, de la mano de San Josemar\u00eda y con su continua ayuda, pueda seguir avanzando en este Camino al Cielo, siendo cada d\u00eda m\u00e1s Amigo de Dios, para poder llegar a ser ese Cristo que pasa para los dem\u00e1s. Mi familia de sangre me prepar\u00f3 para este camino con su amor, y mi familia en el Opus Dei me sostiene d\u00eda a d\u00eda en \u00e9l.<\/p><p>Les ruego tambi\u00e9n que recen para que pueda hacer m\u00eda la sencilla, pero profunda oraci\u00f3n que Don \u00c1lvaro repet\u00eda en cada aniversario: &#8220;Gracias, perd\u00f3n, ay\u00fadame m\u00e1s&#8221;.<\/p><p>No quisiera terminar sin ofrecer todas mis oraciones y canalizar las gracias hacia nuestro querido Mons. Fernando Oc\u00e1riz, que, como un verdadero Padre, lleva sobre sus hombros el \u201cpeso\u201d y el cuidado de esta grande y cari\u00f1osa familia que es el Opus Dei.<\/p><p>Finalmente, mi agradecimiento tambi\u00e9n para todos mis hermanos sacerdotes, especialmente aquellos de Buenos Aires, Z\u00e1rate-Campana y la Patagonia, que me han acompa\u00f1ado y siguen haci\u00e9ndolo en este maravilloso camino, y a todas las personas, conocidas y desconocidas, que s\u00e9 -y que no s\u00e9- que rezan por m\u00ed.<\/p><p>\u00a1Con todo mi afecto, gratitud y alegr\u00eda!!!!!<\/p><p>Pedro Brunori<\/p>\t\t\t\t\t\t\t\t<\/div>\n\t\t\t\t<\/div>\n\t\t\t\t\t<\/div>\n\t\t<\/div>\n\t\t\t\t\t<\/div>\n\t\t<\/section>\n\t\t\t\t<\/div>\n\t\t<!-- AddThis Advanced Settings generic via filter on the_content --><!-- AddThis Share Buttons generic via filter on the_content -->","protected":false},"excerpt":{"rendered":"<p>Queridos amigos: El jueves 12 de septiembre, fiesta del Dulce Nombre de Mar\u00eda, Madre del Bell\u2019amore (del Amor Hermoso), celebrar\u00e9 con inmensa alegr\u00eda el 25\u00b0 [&hellip;]<!-- AddThis Advanced Settings generic via filter on get_the_excerpt --><!-- AddThis Share Buttons generic via filter on get_the_excerpt --><\/p>\n","protected":false},"author":2,"featured_media":18909,"comment_status":"open","ping_status":"open","sticky":true,"template":"","format":"standard","meta":{"footnotes":""},"categories":[177,4],"tags":[],"class_list":["post-18908","post","type-post","status-publish","format-standard","has-post-thumbnail","hentry","category-diocesanas","category-movimientosinstituciones"],"_links":{"self":[{"href":"https:\/\/obispadodezaratecampana.org\/index.php?rest_route=\/wp\/v2\/posts\/18908","targetHints":{"allow":["GET"]}}],"collection":[{"href":"https:\/\/obispadodezaratecampana.org\/index.php?rest_route=\/wp\/v2\/posts"}],"about":[{"href":"https:\/\/obispadodezaratecampana.org\/index.php?rest_route=\/wp\/v2\/types\/post"}],"author":[{"embeddable":true,"href":"https:\/\/obispadodezaratecampana.org\/index.php?rest_route=\/wp\/v2\/users\/2"}],"replies":[{"embeddable":true,"href":"https:\/\/obispadodezaratecampana.org\/index.php?rest_route=%2Fwp%2Fv2%2Fcomments&post=18908"}],"version-history":[{"count":10,"href":"https:\/\/obispadodezaratecampana.org\/index.php?rest_route=\/wp\/v2\/posts\/18908\/revisions"}],"predecessor-version":[{"id":18920,"href":"https:\/\/obispadodezaratecampana.org\/index.php?rest_route=\/wp\/v2\/posts\/18908\/revisions\/18920"}],"wp:featuredmedia":[{"embeddable":true,"href":"https:\/\/obispadodezaratecampana.org\/index.php?rest_route=\/wp\/v2\/media\/18909"}],"wp:attachment":[{"href":"https:\/\/obispadodezaratecampana.org\/index.php?rest_route=%2Fwp%2Fv2%2Fmedia&parent=18908"}],"wp:term":[{"taxonomy":"category","embeddable":true,"href":"https:\/\/obispadodezaratecampana.org\/index.php?rest_route=%2Fwp%2Fv2%2Fcategories&post=18908"},{"taxonomy":"post_tag","embeddable":true,"href":"https:\/\/obispadodezaratecampana.org\/index.php?rest_route=%2Fwp%2Fv2%2Ftags&post=18908"}],"curies":[{"name":"wp","href":"https:\/\/api.w.org\/{rel}","templated":true}]}}