{"id":18824,"date":"2024-08-20T18:30:00","date_gmt":"2024-08-20T21:30:00","guid":{"rendered":"https:\/\/obispadodezaratecampana.org\/?p=18824"},"modified":"2024-08-21T17:06:26","modified_gmt":"2024-08-21T20:06:26","slug":"fallece-a-los-91-anos-monsenor-rafael-rey-obispo-emerito-de-zarate-campana","status":"publish","type":"post","link":"https:\/\/obispadodezaratecampana.org\/?p=18824","title":{"rendered":"Fallece a los 91 a\u00f1os Monse\u00f1or Rafael Rey Obispo Em\u00e9rito de Z\u00e1rate-Campana"},"content":{"rendered":"\t\t<div data-elementor-type=\"wp-post\" data-elementor-id=\"18824\" class=\"elementor elementor-18824\">\n\t\t\t\t\t\t<section class=\"elementor-section elementor-top-section elementor-element elementor-element-25d8b96c elementor-section-boxed elementor-section-height-default elementor-section-height-default\" data-id=\"25d8b96c\" data-element_type=\"section\" data-e-type=\"section\">\n\t\t\t\t\t\t<div class=\"elementor-container elementor-column-gap-default\">\n\t\t\t\t\t<div class=\"elementor-column elementor-col-100 elementor-top-column elementor-element elementor-element-480b283c\" data-id=\"480b283c\" data-element_type=\"column\" data-e-type=\"column\">\n\t\t\t<div class=\"elementor-widget-wrap elementor-element-populated\">\n\t\t\t\t\t\t<div class=\"elementor-element elementor-element-32b12cda elementor-widget elementor-widget-text-editor\" data-id=\"32b12cda\" data-element_type=\"widget\" data-e-type=\"widget\" data-widget_type=\"text-editor.default\">\n\t\t\t\t<div class=\"elementor-widget-container\">\n\t\t\t\t\t\t\t\t\t<div class=\"html-div xdj266r x11i5rnm xat24cr x1mh8g0r xexx8yu x4uap5 x18d9i69 xkhd6sd x78zum5 x15zctf7\"><div class=\"html-div xdj266r x11i5rnm xat24cr x1mh8g0r xexx8yu x4uap5 x18d9i69 xkhd6sd xeuugli x1vjfegm\"><div class=\"html-div xdj266r x11i5rnm xat24cr x1mh8g0r xexx8yu x4uap5 x18d9i69 xkhd6sd x78zum5 xh8yej3\" role=\"presentation\"><div class=\"x78zum5 xdt5ytf x193iq5w x1n2onr6 x1kxipp6 xuk3077\"><div class=\"x78zum5 xh8yej3\" role=\"none\"><div class=\"html-div xdj266r x11i5rnm xat24cr x1mh8g0r xexx8yu x4uap5 x18d9i69 xkhd6sd x6ikm8r x10wlt62\"><div class=\"html-div xdj266r x11i5rnm xat24cr x1mh8g0r x14ctfv x1okitfd x1k4qllp x6ikm8r x10wlt62 xerhiuh x1pn3fxy x12xxe5f x1szedp3 x1n2onr6 x1vjfegm x1mzt3pk x13faqbe x11jlvup xpmdkuv x154zaqr x12z03op xyhp3ou x13fuv20 xu3j5b3 x1q0q8m5 x26u7qi x12lizq0 xf766zg x1ybe9c6 x1ts5dru xp5s12f x11ucwad xgtuqic x155c047\" role=\"presentation\"><div class=\"html-div xexx8yu x4uap5 x18d9i69 xkhd6sd x1gslohp x11i5rnm x12nagc x1mh8g0r x1yc453h x126k92a xyk4ms5\" dir=\"auto\"><b class=\"html-b xdj266r x11i5rnm xat24cr x1mh8g0r xexx8yu x4uap5 x18d9i69 xkhd6sd x1hl2dhg x16tdsg8 x1vvkbs\">El martes 20 de agosto 2024 a los 91 a\u00f1os falleci\u00f3 a las 18:15 hs Monse\u00f1or Rafael Rey, Obispo Em\u00e9rito de nuestra di\u00f3cesis Z\u00e1rate-Campana<\/b><\/div><div dir=\"auto\">\u00a0<\/div><div class=\"html-div xexx8yu x4uap5 x18d9i69 xkhd6sd x1gslohp x11i5rnm x12nagc x1mh8g0r x1yc453h x126k92a xyk4ms5\" dir=\"auto\">Con la certeza de la fe y con la esperanza de la vida eterna, encomendamos a la infinita misericordia de Dios a nuestro hermano Obispo Rafael que ha sido llamado por el Buen Pastor para participar de su gozosa Resurrecci\u00f3n. Los Obispos Pedro Laxague y Justo Rodr\u00edguez Gallego, el Presbiterio y toda la Comunidad Diocesana de Z\u00e1rate-Campana se une a los Obispos de Mendoza, a sus familiares y amigos y a esa Di\u00f3cesis a la que tanto amaba. Monse\u00f1or Rey ha sido nuestro segundo Obispo; tambi\u00e9n el segundo en partir a la casa del Padre eterno. A pesar del tiempo y la distancia, siempre ha sido y ser\u00e1 recordado como parte irrenunciable de nuestra historia como Iglesia Particular. Pedimos al Buen Dios que premie sus desvelos por esta porci\u00f3n del Pueblo de Dios, su amor por los pobres, su af\u00e1n misionero&#8230; Creemos en la Comuni\u00f3n de los Santos y, por ello, nos unimos a \u00e9l en la oraci\u00f3n por su eterno descanso y confiamos en que \u00e9l seguir\u00e1 velando por nosotros desde el Cielo. Gracias a los familiares y comunidad que lo ha cuidado en este tiempo ya que nosotros no pudimos hacerlo. La Virgen Madre salga a su encuentro, reciba su alma y la lleve a la presencia del Se\u00f1or. Dale, Se\u00f1or, el descanso eterno y brille para \u00e9l la luz que no tiene fin. Am\u00e9n.<\/div><div dir=\"auto\">\u00a0<\/div><\/div><div dir=\"auto\"><em>El velorio de Mons. Rey, Obispo Em\u00e9rito de Zarate-Campana, se llevar\u00e1 a cabo en la Casa de las Hnas. Obreras Catequistas en calle Perito Moreno 449, Godoy Cruz. <\/em><\/div><div dir=\"auto\"><em>El mismo se desarrollara desde las 10hs hasta las 15hs. <\/em><\/div><div dir=\"auto\"><em>La Misa que presidir\u00e1 Mons. Marcelo Colombo se realizara a las 12:30hs.<\/em><\/div><div dir=\"auto\"><em>Sus restos ser\u00e1n trasladados a las 15hs al cementerio de Potrerillos, en la Provincia de Mendoza.\u00a0<\/em><\/div><\/div><\/div><\/div><\/div><div class=\"html-div xdj266r x11i5rnm xat24cr x1mh8g0r xexx8yu x4uap5 x18d9i69 xkhd6sd x1h91t0o xkh2ocl x78zum5 xdt5ytf x13a6bvl x193iq5w x1c4vz4f x1eb86dx\" role=\"presentation\"><div class=\"html-div xdj266r x11i5rnm xat24cr x1mh8g0r xexx8yu x4uap5 x18d9i69 xkhd6sd\">\u00a0<\/div><\/div><\/div><div class=\"html-div xdj266r x11i5rnm xat24cr x1mh8g0r xexx8yu xkhd6sd x1eb86dx x78zum5 x1c4vz4f x2lah0s x9q6w0x xd5rl1\"><div class=\"html-div xdj266r x11i5rnm xat24cr x1mh8g0r xexx8yu x4uap5 x18d9i69 xkhd6sd x78zum5 x15zctf7 xamitd3\"><div class=\"html-div xdj266r x11i5rnm xat24cr x1mh8g0r xexx8yu x18d9i69 xkhd6sd x78zum5 xdt5ytf x1iyjqo2 x2lah0s xl56j7k x1n2onr6 x1mqs8db x1n327nk x1mpkggp\" aria-hidden=\"true\"><div class=\"html-div xdj266r x11i5rnm xat24cr x1mh8g0r xexx8yu x4uap5 x18d9i69 xkhd6sd x6s0dn4 x78zum5 x1mqs8db xl5lk40 x15zctf7\" role=\"presentation\"><div class=\"html-div xdj266r x11i5rnm xat24cr x1mh8g0r xexx8yu x4uap5 x18d9i69 xkhd6sd x6s0dn4 x78zum5 x1mqs8db xl5lk40 x15zctf7\" role=\"presentation\"><div class=\"html-div xdj266r x11i5rnm xat24cr x1mh8g0r xexx8yu x4uap5 x18d9i69 xkhd6sd\" aria-hidden=\"false\"><div class=\"x9f619 x1n2onr6 x1ja2u2z __fb-light-mode\"><div class=\"x1i10hfl xjqpnuy xa49m3k xqeqjp1 x2hbi6w x13fuv20 xu3j5b3 x1q0q8m5 x26u7qi x1ypdohk xdl72j9 x2lah0s xe8uvvx xdj266r x11i5rnm xat24cr x1mh8g0r x2lwn1j xeuugli x16tdsg8 x1hl2dhg xggy1nq x1ja2u2z x1t137rt x1q0g3np x87ps6o x1lku1pv x1a2a7pz x6s0dn4 xzolkzo x12go9s9 x1rnf11y xprq8jg x972fbf xcfux6l x1qhh985 xm0m39n x9f619 x78zum5 xl56j7k xexx8yu x4uap5 x18d9i69 xkhd6sd x1n2onr6 x1fgtraw xgd8bvy xjbqb8w\" tabindex=\"0\" role=\"button\" aria-expanded=\"false\" aria-haspopup=\"menu\" aria-label=\"Reaccionar\"><div class=\"x1ey2m1c xds687c x17qophe xg01cxk x47corl x10l6tqk x13vifvy x1ebt8du x19991ni x1dhq9h xzolkzo x12go9s9 x1rnf11y xprq8jg\" role=\"none\" data-visualcompletion=\"ignore\">\u00a0<\/div><\/div><\/div><\/div><div class=\"html-div xdj266r x11i5rnm xat24cr x1mh8g0r xexx8yu x4uap5 x18d9i69 xkhd6sd\" aria-hidden=\"false\"><div class=\"x9f619 x1n2onr6 x1ja2u2z __fb-light-mode\"><div class=\"x1i10hfl xjqpnuy xa49m3k xqeqjp1 x2hbi6w x13fuv20 xu3j5b3 x1q0q8m5 x26u7qi x1ypdohk xdl72j9 x2lah0s xe8uvvx xdj266r x11i5rnm xat24cr x1mh8g0r x2lwn1j xeuugli x16tdsg8 x1hl2dhg xggy1nq x1ja2u2z x1t137rt x1q0g3np x87ps6o x1lku1pv x1a2a7pz x6s0dn4 xzolkzo x12go9s9 x1rnf11y xprq8jg x972fbf xcfux6l x1qhh985 xm0m39n x9f619 x78zum5 xl56j7k xexx8yu x4uap5 x18d9i69 xkhd6sd x1n2onr6 x1fgtraw xgd8bvy xjbqb8w\" tabindex=\"0\" role=\"button\" aria-label=\"Responder\"><div class=\"x1ey2m1c xds687c x17qophe xg01cxk x47corl x10l6tqk x13vifvy x1ebt8du x19991ni x1dhq9h xzolkzo x12go9s9 x1rnf11y xprq8jg\" role=\"none\" data-visualcompletion=\"ignore\">\u00a0<\/div><\/div><\/div><\/div><div class=\"html-div xdj266r x11i5rnm xat24cr x1mh8g0r xexx8yu x4uap5 x18d9i69 xkhd6sd\" aria-hidden=\"false\"><div class=\"x9f619 x1n2onr6 x1ja2u2z __fb-light-mode\"><div class=\"x1i10hfl xjqpnuy xa49m3k xqeqjp1 x2hbi6w x13fuv20 xu3j5b3 x1q0q8m5 x26u7qi x1ypdohk xdl72j9 x2lah0s xe8uvvx xdj266r x11i5rnm xat24cr x1mh8g0r x2lwn1j xeuugli x16tdsg8 x1hl2dhg xggy1nq x1ja2u2z x1t137rt x1q0g3np x87ps6o x1lku1pv x1a2a7pz x6s0dn4 xzolkzo x12go9s9 x1rnf11y xprq8jg x972fbf xcfux6l x1qhh985 xm0m39n x9f619 x78zum5 xl56j7k xexx8yu x4uap5 x18d9i69 xkhd6sd x1n2onr6 x1fgtraw xgd8bvy xjbqb8w\" tabindex=\"0\" role=\"button\" aria-expanded=\"false\" aria-haspopup=\"menu\" aria-label=\"M\u00e1s\"><div class=\"x1ey2m1c xds687c x17qophe xg01cxk x47corl x10l6tqk x13vifvy x1ebt8du x19991ni x1dhq9h xzolkzo x12go9s9 x1rnf11y xprq8jg\" role=\"none\" data-visualcompletion=\"ignore\">\u00a0<\/div><\/div><\/div><\/div><\/div><\/div><\/div><\/div><\/div><div class=\"html-div xdj266r x11i5rnm xat24cr x1mh8g0r xexx8yu x4uap5 x18d9i69 xkhd6sd x1eb86dx x1r8uery x1iyjqo2\">\u00a0<\/div><\/div><div class=\"html-div xdj266r x11i5rnm xat24cr x1mh8g0r xexx8yu x4uap5 x18d9i69 xkhd6sd x1eb86dx x78zum5 x13a6bvl\">\u00a0<\/div><div class=\"yj6qo\">\u00a0<\/div>\t\t\t\t\t\t\t\t<\/div>\n\t\t\t\t<\/div>\n\t\t\t\t\t<\/div>\n\t\t<\/div>\n\t\t\t\t\t<\/div>\n\t\t<\/section>\n\t\t\t\t<\/div>\n\t\t<!-- AddThis Advanced Settings generic via filter on the_content --><!-- AddThis Share Buttons generic via filter on the_content -->","protected":false},"excerpt":{"rendered":"<p>El martes 20 de agosto 2024 a los 91 a\u00f1os falleci\u00f3 a las 18:15 hs Monse\u00f1or Rafael Rey, Obispo Em\u00e9rito de nuestra di\u00f3cesis Z\u00e1rate-Campana\u00a0Con la [&hellip;]<!-- AddThis Advanced Settings generic via filter on get_the_excerpt --><!-- AddThis Share Buttons generic via filter on get_the_excerpt --><\/p>\n","protected":false},"author":2,"featured_media":18825,"comment_status":"open","ping_status":"open","sticky":true,"template":"","format":"standard","meta":{"footnotes":""},"categories":[177,5],"tags":[],"class_list":["post-18824","post","type-post","status-publish","format-standard","has-post-thumbnail","hentry","category-diocesanas","category-generales"],"_links":{"self":[{"href":"https:\/\/obispadodezaratecampana.org\/index.php?rest_route=\/wp\/v2\/posts\/18824","targetHints":{"allow":["GET"]}}],"collection":[{"href":"https:\/\/obispadodezaratecampana.org\/index.php?rest_route=\/wp\/v2\/posts"}],"about":[{"href":"https:\/\/obispadodezaratecampana.org\/index.php?rest_route=\/wp\/v2\/types\/post"}],"author":[{"embeddable":true,"href":"https:\/\/obispadodezaratecampana.org\/index.php?rest_route=\/wp\/v2\/users\/2"}],"replies":[{"embeddable":true,"href":"https:\/\/obispadodezaratecampana.org\/index.php?rest_route=%2Fwp%2Fv2%2Fcomments&post=18824"}],"version-history":[{"count":10,"href":"https:\/\/obispadodezaratecampana.org\/index.php?rest_route=\/wp\/v2\/posts\/18824\/revisions"}],"predecessor-version":[{"id":18836,"href":"https:\/\/obispadodezaratecampana.org\/index.php?rest_route=\/wp\/v2\/posts\/18824\/revisions\/18836"}],"wp:featuredmedia":[{"embeddable":true,"href":"https:\/\/obispadodezaratecampana.org\/index.php?rest_route=\/wp\/v2\/media\/18825"}],"wp:attachment":[{"href":"https:\/\/obispadodezaratecampana.org\/index.php?rest_route=%2Fwp%2Fv2%2Fmedia&parent=18824"}],"wp:term":[{"taxonomy":"category","embeddable":true,"href":"https:\/\/obispadodezaratecampana.org\/index.php?rest_route=%2Fwp%2Fv2%2Fcategories&post=18824"},{"taxonomy":"post_tag","embeddable":true,"href":"https:\/\/obispadodezaratecampana.org\/index.php?rest_route=%2Fwp%2Fv2%2Ftags&post=18824"}],"curies":[{"name":"wp","href":"https:\/\/api.w.org\/{rel}","templated":true}]}}