{"id":18809,"date":"2024-08-20T17:07:44","date_gmt":"2024-08-20T20:07:44","guid":{"rendered":"https:\/\/obispadodezaratecampana.org\/?p=18809"},"modified":"2024-08-20T17:20:04","modified_gmt":"2024-08-20T20:20:04","slug":"rezamos-a-san-bernardo-por-el-retiro-espiritual-de-la-unidad-11-del-penal-de-baradero","status":"publish","type":"post","link":"https:\/\/obispadodezaratecampana.org\/?p=18809","title":{"rendered":"Rezamos a San Bernardo por el Retiro Espiritual de la Unidad 11 del penal de Baradero"},"content":{"rendered":"\t\t<div data-elementor-type=\"wp-post\" data-elementor-id=\"18809\" class=\"elementor elementor-18809\">\n\t\t\t\t\t\t<section class=\"elementor-section elementor-top-section elementor-element elementor-element-25d8b96c elementor-section-boxed elementor-section-height-default elementor-section-height-default\" data-id=\"25d8b96c\" data-element_type=\"section\" data-e-type=\"section\">\n\t\t\t\t\t\t<div class=\"elementor-container elementor-column-gap-default\">\n\t\t\t\t\t<div class=\"elementor-column elementor-col-100 elementor-top-column elementor-element elementor-element-480b283c\" data-id=\"480b283c\" data-element_type=\"column\" data-e-type=\"column\">\n\t\t\t<div class=\"elementor-widget-wrap elementor-element-populated\">\n\t\t\t\t\t\t<div class=\"elementor-element elementor-element-32b12cda elementor-widget elementor-widget-text-editor\" data-id=\"32b12cda\" data-element_type=\"widget\" data-e-type=\"widget\" data-widget_type=\"text-editor.default\">\n\t\t\t\t<div class=\"elementor-widget-container\">\n\t\t\t\t\t\t\t\t\t<p>Nos han pedido especialmente desde la Pastoral Carcelaria de nuestra Di\u00f3cesis de Z\u00e1rate-Campana rezar por el Retiro Espiritual que se est\u00e1 llevando a cabo hoy martes 20 de agosto en el Penal 11 de Baradero.<\/p><p>Recemos juntos por este encuentro y sus frutos, siendo el d\u00eda de San Bernardo, nos unimos en oraci\u00f3n a la Virgen Mar\u00eda, con esta conocida s\u00faplica que a \u00e9l se le atribuye:<\/p><p><br \/><a href=\"http:\/\/obispadodezaratecampana.org\/wp-content\/uploads\/2024\/08\/9c8af4d3-d2cd-4497-bbd4-76857665c5fb-1-scaled.jpg\"><img fetchpriority=\"high\" decoding=\"async\" class=\"aligncenter wp-image-18815\" src=\"http:\/\/obispadodezaratecampana.org\/wp-content\/uploads\/2024\/08\/9c8af4d3-d2cd-4497-bbd4-76857665c5fb-1-1024x461.jpg\" alt=\"\" width=\"600\" height=\"270\" srcset=\"https:\/\/obispadodezaratecampana.org\/wp-content\/uploads\/2024\/08\/9c8af4d3-d2cd-4497-bbd4-76857665c5fb-1-1024x461.jpg 1024w, https:\/\/obispadodezaratecampana.org\/wp-content\/uploads\/2024\/08\/9c8af4d3-d2cd-4497-bbd4-76857665c5fb-1-300x135.jpg 300w, https:\/\/obispadodezaratecampana.org\/wp-content\/uploads\/2024\/08\/9c8af4d3-d2cd-4497-bbd4-76857665c5fb-1-768x345.jpg 768w, https:\/\/obispadodezaratecampana.org\/wp-content\/uploads\/2024\/08\/9c8af4d3-d2cd-4497-bbd4-76857665c5fb-1-1536x691.jpg 1536w, https:\/\/obispadodezaratecampana.org\/wp-content\/uploads\/2024\/08\/9c8af4d3-d2cd-4497-bbd4-76857665c5fb-1-2048x921.jpg 2048w\" sizes=\"(max-width: 600px) 100vw, 600px\" \/><\/a><br \/>\u201cAcordaos, oh piados\u00edsima Virgen Mar\u00eda!, que jam\u00e1s se ha o\u00eddo decir que ninguno de los que haya acudido a Vos, implorado vuestra asistencia y reclamado vuestro socorro, haya sido abandonado de Vos. Animado con esta confianza, a Vos tambi\u00e9n acudo, oh Virgen, Madre de la v\u00edrgenes, y aunque gimiendo bajo el peso de mis pecados me atrevo a comparecer ante Vuestra presencia Soberana. No desech\u00e9is oh pur\u00edsima Madre de Dios mis humildes s\u00faplicas, antes bien, escuchadlas favorablemente.<br \/>As\u00ed sea.\u201d<\/p><div class=\"yj6qo\">\u00a0<\/div>\t\t\t\t\t\t\t\t<\/div>\n\t\t\t\t<\/div>\n\t\t\t\t\t<\/div>\n\t\t<\/div>\n\t\t\t\t\t<\/div>\n\t\t<\/section>\n\t\t\t\t<\/div>\n\t\t<!-- AddThis Advanced Settings generic via filter on the_content --><!-- AddThis Share Buttons generic via filter on the_content -->","protected":false},"excerpt":{"rendered":"<p>Nos han pedido especialmente desde la Pastoral Carcelaria de nuestra Di\u00f3cesis de Z\u00e1rate-Campana rezar por el Retiro Espiritual que se est\u00e1 llevando a cabo hoy [&hellip;]<!-- AddThis Advanced Settings generic via filter on get_the_excerpt --><!-- AddThis Share Buttons generic via filter on get_the_excerpt --><\/p>\n","protected":false},"author":2,"featured_media":18810,"comment_status":"open","ping_status":"open","sticky":false,"template":"","format":"standard","meta":{"footnotes":""},"categories":[177,5,176],"tags":[],"class_list":["post-18809","post","type-post","status-publish","format-standard","has-post-thumbnail","hentry","category-diocesanas","category-generales","category-sitios-de-interes"],"_links":{"self":[{"href":"https:\/\/obispadodezaratecampana.org\/index.php?rest_route=\/wp\/v2\/posts\/18809","targetHints":{"allow":["GET"]}}],"collection":[{"href":"https:\/\/obispadodezaratecampana.org\/index.php?rest_route=\/wp\/v2\/posts"}],"about":[{"href":"https:\/\/obispadodezaratecampana.org\/index.php?rest_route=\/wp\/v2\/types\/post"}],"author":[{"embeddable":true,"href":"https:\/\/obispadodezaratecampana.org\/index.php?rest_route=\/wp\/v2\/users\/2"}],"replies":[{"embeddable":true,"href":"https:\/\/obispadodezaratecampana.org\/index.php?rest_route=%2Fwp%2Fv2%2Fcomments&post=18809"}],"version-history":[{"count":10,"href":"https:\/\/obispadodezaratecampana.org\/index.php?rest_route=\/wp\/v2\/posts\/18809\/revisions"}],"predecessor-version":[{"id":18821,"href":"https:\/\/obispadodezaratecampana.org\/index.php?rest_route=\/wp\/v2\/posts\/18809\/revisions\/18821"}],"wp:featuredmedia":[{"embeddable":true,"href":"https:\/\/obispadodezaratecampana.org\/index.php?rest_route=\/wp\/v2\/media\/18810"}],"wp:attachment":[{"href":"https:\/\/obispadodezaratecampana.org\/index.php?rest_route=%2Fwp%2Fv2%2Fmedia&parent=18809"}],"wp:term":[{"taxonomy":"category","embeddable":true,"href":"https:\/\/obispadodezaratecampana.org\/index.php?rest_route=%2Fwp%2Fv2%2Fcategories&post=18809"},{"taxonomy":"post_tag","embeddable":true,"href":"https:\/\/obispadodezaratecampana.org\/index.php?rest_route=%2Fwp%2Fv2%2Ftags&post=18809"}],"curies":[{"name":"wp","href":"https:\/\/api.w.org\/{rel}","templated":true}]}}