{"id":18772,"date":"2024-08-12T07:16:00","date_gmt":"2024-08-12T10:16:00","guid":{"rendered":"http:\/\/obispadodezaratecampana.org\/?p=18772"},"modified":"2024-08-15T01:26:02","modified_gmt":"2024-08-15T04:26:02","slug":"encuentro-nacional-pastoral-de-la-salud-julio-2024","status":"publish","type":"post","link":"https:\/\/obispadodezaratecampana.org\/?p=18772","title":{"rendered":"Encuentro Nacional Pastoral de la Salud julio 2024"},"content":{"rendered":"\t\t<div data-elementor-type=\"wp-post\" data-elementor-id=\"18772\" class=\"elementor elementor-18772\">\n\t\t\t\t\t\t<section class=\"elementor-section elementor-top-section elementor-element elementor-element-25d8b96c elementor-section-boxed elementor-section-height-default elementor-section-height-default\" data-id=\"25d8b96c\" data-element_type=\"section\" data-e-type=\"section\">\n\t\t\t\t\t\t<div class=\"elementor-container elementor-column-gap-default\">\n\t\t\t\t\t<div class=\"elementor-column elementor-col-100 elementor-top-column elementor-element elementor-element-480b283c\" data-id=\"480b283c\" data-element_type=\"column\" data-e-type=\"column\">\n\t\t\t<div class=\"elementor-widget-wrap elementor-element-populated\">\n\t\t\t\t\t\t<div class=\"elementor-element elementor-element-32b12cda elementor-widget elementor-widget-text-editor\" data-id=\"32b12cda\" data-element_type=\"widget\" data-e-type=\"widget\" data-widget_type=\"text-editor.default\">\n\t\t\t\t<div class=\"elementor-widget-container\">\n\t\t\t\t\t\t\t\t\t<div class=\"gs\"><div class=\"\"><div id=\":q1\" class=\"ii gt\"><div id=\":q6\" class=\"a3s aiL \"><div dir=\"ltr\">Del 19 al 21 de Julio de 2024 tuvo lugar en La Montonera, Pilar, el<strong> Encuentro Nacional de la Pastoral de la Salud,<\/strong> con la presencia de varios obispos responsables del \u00e1rea, delegados diocesanos, equipos de Pastoral de la Salud diocesanos y parroquiales, capellanes de hospitales y religiosos y religiosas que trabajan con los enfermos, provenientes de todo el pa\u00eds.<\/div><div dir=\"ltr\">\u00a0<\/div><div id=\"m_375791831019072952AppleMailSignature\" dir=\"ltr\"><a href=\"http:\/\/obispadodezaratecampana.org\/wp-content\/uploads\/2024\/07\/b036f900-6aa5-451e-a898-69cb519880f8.jpg\"><img fetchpriority=\"high\" decoding=\"async\" class=\"aligncenter size-medium wp-image-18783\" src=\"http:\/\/obispadodezaratecampana.org\/wp-content\/uploads\/2024\/07\/b036f900-6aa5-451e-a898-69cb519880f8-300x300.jpg\" alt=\"\" width=\"300\" height=\"300\" srcset=\"https:\/\/obispadodezaratecampana.org\/wp-content\/uploads\/2024\/07\/b036f900-6aa5-451e-a898-69cb519880f8-300x300.jpg 300w, https:\/\/obispadodezaratecampana.org\/wp-content\/uploads\/2024\/07\/b036f900-6aa5-451e-a898-69cb519880f8-1024x1024.jpg 1024w, https:\/\/obispadodezaratecampana.org\/wp-content\/uploads\/2024\/07\/b036f900-6aa5-451e-a898-69cb519880f8-150x150.jpg 150w, https:\/\/obispadodezaratecampana.org\/wp-content\/uploads\/2024\/07\/b036f900-6aa5-451e-a898-69cb519880f8-768x768.jpg 768w, https:\/\/obispadodezaratecampana.org\/wp-content\/uploads\/2024\/07\/b036f900-6aa5-451e-a898-69cb519880f8.jpg 1496w\" sizes=\"(max-width: 300px) 100vw, 300px\" \/><\/a><\/div><div dir=\"ltr\">\u00a0<\/div><div id=\"m_375791831019072952AppleMailSignature\" dir=\"ltr\">El Padre Jorge Meneghello (a la izquierda en la foto) -P\u00e1rroco de San Antonio de Padua, San Antonio de Areco- quien desde hace muchos a\u00f1os est\u00e1 vinculado a la Pastoral de la Salud,\u00a0 particip\u00f3 del encuentro y comparte el resumen del mismo con la comunidad.\u00a0<\/div><\/div><\/div><div dir=\"ltr\"><strong>Resumen Encuentro Nacional de la Pastoral de la Salud disponible en:<\/strong><\/div><div id=\":q1\" class=\"ii gt\"><div class=\"a3s aiL \"><a href=\"http:\/\/obispadodezaratecampana.org\/wp-content\/uploads\/2024\/07\/RESUMEN-DEL-ENCUENTRO-NACIONAL-DE-LA-PS.pdf\">Encuentro Nacional de Pastoral de la Salud<\/a><\/div><div>\u00a0<\/div><div><a href=\"http:\/\/obispadodezaratecampana.org\/wp-content\/uploads\/2024\/07\/IMG_4149.jpg\"><img decoding=\"async\" class=\"aligncenter wp-image-18784 size-large\" src=\"http:\/\/obispadodezaratecampana.org\/wp-content\/uploads\/2024\/07\/IMG_4149-1024x536.jpg\" alt=\"\" width=\"819\" height=\"429\" srcset=\"https:\/\/obispadodezaratecampana.org\/wp-content\/uploads\/2024\/07\/IMG_4149-1024x536.jpg 1024w, https:\/\/obispadodezaratecampana.org\/wp-content\/uploads\/2024\/07\/IMG_4149-300x157.jpg 300w, https:\/\/obispadodezaratecampana.org\/wp-content\/uploads\/2024\/07\/IMG_4149-768x402.jpg 768w, https:\/\/obispadodezaratecampana.org\/wp-content\/uploads\/2024\/07\/IMG_4149.jpg 1078w\" sizes=\"(max-width: 819px) 100vw, 819px\" \/><\/a><\/div><\/div><\/div><\/div>\t\t\t\t\t\t\t\t<\/div>\n\t\t\t\t<\/div>\n\t\t\t\t\t<\/div>\n\t\t<\/div>\n\t\t\t\t\t<\/div>\n\t\t<\/section>\n\t\t\t\t<\/div>\n\t\t<!-- AddThis Advanced Settings generic via filter on the_content --><!-- AddThis Share Buttons generic via filter on the_content -->","protected":false},"excerpt":{"rendered":"<p>Del 19 al 21 de Julio de 2024 tuvo lugar en La Montonera, Pilar, el Encuentro Nacional de la Pastoral de la Salud, con la [&hellip;]<!-- AddThis Advanced Settings generic via filter on get_the_excerpt --><!-- AddThis Share Buttons generic via filter on get_the_excerpt --><\/p>\n","protected":false},"author":2,"featured_media":18773,"comment_status":"open","ping_status":"open","sticky":true,"template":"","format":"standard","meta":{"footnotes":""},"categories":[177,5,176],"tags":[],"class_list":["post-18772","post","type-post","status-publish","format-standard","has-post-thumbnail","hentry","category-diocesanas","category-generales","category-sitios-de-interes"],"_links":{"self":[{"href":"https:\/\/obispadodezaratecampana.org\/index.php?rest_route=\/wp\/v2\/posts\/18772","targetHints":{"allow":["GET"]}}],"collection":[{"href":"https:\/\/obispadodezaratecampana.org\/index.php?rest_route=\/wp\/v2\/posts"}],"about":[{"href":"https:\/\/obispadodezaratecampana.org\/index.php?rest_route=\/wp\/v2\/types\/post"}],"author":[{"embeddable":true,"href":"https:\/\/obispadodezaratecampana.org\/index.php?rest_route=\/wp\/v2\/users\/2"}],"replies":[{"embeddable":true,"href":"https:\/\/obispadodezaratecampana.org\/index.php?rest_route=%2Fwp%2Fv2%2Fcomments&post=18772"}],"version-history":[{"count":16,"href":"https:\/\/obispadodezaratecampana.org\/index.php?rest_route=\/wp\/v2\/posts\/18772\/revisions"}],"predecessor-version":[{"id":18796,"href":"https:\/\/obispadodezaratecampana.org\/index.php?rest_route=\/wp\/v2\/posts\/18772\/revisions\/18796"}],"wp:featuredmedia":[{"embeddable":true,"href":"https:\/\/obispadodezaratecampana.org\/index.php?rest_route=\/wp\/v2\/media\/18773"}],"wp:attachment":[{"href":"https:\/\/obispadodezaratecampana.org\/index.php?rest_route=%2Fwp%2Fv2%2Fmedia&parent=18772"}],"wp:term":[{"taxonomy":"category","embeddable":true,"href":"https:\/\/obispadodezaratecampana.org\/index.php?rest_route=%2Fwp%2Fv2%2Fcategories&post=18772"},{"taxonomy":"post_tag","embeddable":true,"href":"https:\/\/obispadodezaratecampana.org\/index.php?rest_route=%2Fwp%2Fv2%2Ftags&post=18772"}],"curies":[{"name":"wp","href":"https:\/\/api.w.org\/{rel}","templated":true}]}}