{"id":18756,"date":"2024-07-26T20:29:16","date_gmt":"2024-07-26T23:29:16","guid":{"rendered":"http:\/\/obispadodezaratecampana.org\/?p=18756"},"modified":"2024-07-26T20:36:57","modified_gmt":"2024-07-26T23:36:57","slug":"26-de-julio-abuelos-de-jesus-ana-y-joaquin","status":"publish","type":"post","link":"https:\/\/obispadodezaratecampana.org\/?p=18756","title":{"rendered":"26 de julio: Abuelos de Jes\u00fas, Ana y Joaqu\u00edn"},"content":{"rendered":"\t\t<div data-elementor-type=\"wp-post\" data-elementor-id=\"18756\" class=\"elementor elementor-18756\">\n\t\t\t\t\t\t<section class=\"elementor-section elementor-top-section elementor-element elementor-element-25d8b96c elementor-section-boxed elementor-section-height-default elementor-section-height-default\" data-id=\"25d8b96c\" data-element_type=\"section\" data-e-type=\"section\">\n\t\t\t\t\t\t<div class=\"elementor-container elementor-column-gap-default\">\n\t\t\t\t\t<div class=\"elementor-column elementor-col-100 elementor-top-column elementor-element elementor-element-480b283c\" data-id=\"480b283c\" data-element_type=\"column\" data-e-type=\"column\">\n\t\t\t<div class=\"elementor-widget-wrap elementor-element-populated\">\n\t\t\t\t\t\t<div class=\"elementor-element elementor-element-32b12cda elementor-widget elementor-widget-text-editor\" data-id=\"32b12cda\" data-element_type=\"widget\" data-e-type=\"widget\" data-widget_type=\"text-editor.default\">\n\t\t\t\t<div class=\"elementor-widget-container\">\n\t\t\t\t\t\t\t\t\t<p>Los padres de la Virgen Mar\u00eda \ud83d\udcab de acuerdo a la tradici\u00f3n sabemos que ten\u00edan un buen pasar econ\u00f3mico, una vida acomodada, sin preocupaciones en este sentido. \u00bfQu\u00e9 les apremiaba? El no tener descendencia, por esto la concepci\u00f3n de Mar\u00eda fue un regalo de Dios para ellos que tanto rezaron por este \u201cMilagro de la vida\u201d.<br \/>En el d\u00eda que recordamos a los abuelitos de Jes\u00fas pensemos en nuestros abuelos cercanos, que quiz\u00e1s lo \u00fanico que est\u00e1n pidiendo a Dios es un llamado, un mensaje, una visita de un nieto: algo que parece insignificante seguramente represente un &#8220;Milagro\u201d para ellos.<br \/>Pidamos a Joaqu\u00edn y Ana que nos ayuden y bendigan.<\/p><p>M\u00e1s detalles sobre la vida de los Abuelos de Jes\u00fas en <a href=\"https:\/\/www.vaticannews.va\/es\/santos\/07\/26\/ss--joaquin-y-ana--padres-de-la-b--v--maria.html\">https:\/\/www.vaticannews.va\/es\/santos\/07\/26\/ss&#8211;joaquin-y-ana&#8211;padres-de-la-b&#8211;v&#8211;maria.html<\/a><\/p><p>.<br \/>\u2764\ufe0f Nos preparamos para la IV Jornada Mundial de Abuelos y Adultos Mayores del pr\u00f3ximo domingo 28 de julio \ud83d\uddd3\ufe0f<\/p>\t\t\t\t\t\t\t\t<\/div>\n\t\t\t\t<\/div>\n\t\t\t\t\t<\/div>\n\t\t<\/div>\n\t\t\t\t\t<\/div>\n\t\t<\/section>\n\t\t\t\t<\/div>\n\t\t<!-- AddThis Advanced Settings generic via filter on the_content --><!-- AddThis Share Buttons generic via filter on the_content -->","protected":false},"excerpt":{"rendered":"<p>Los padres de la Virgen Mar\u00eda ? de acuerdo a la tradici\u00f3n sabemos que ten\u00edan un buen pasar econ\u00f3mico, una vida acomodada, sin preocupaciones en [&hellip;]<!-- AddThis Advanced Settings generic via filter on get_the_excerpt --><!-- AddThis Share Buttons generic via filter on get_the_excerpt --><\/p>\n","protected":false},"author":2,"featured_media":18759,"comment_status":"open","ping_status":"open","sticky":true,"template":"","format":"standard","meta":{"footnotes":""},"categories":[5],"tags":[],"class_list":["post-18756","post","type-post","status-publish","format-standard","has-post-thumbnail","hentry","category-generales"],"_links":{"self":[{"href":"https:\/\/obispadodezaratecampana.org\/index.php?rest_route=\/wp\/v2\/posts\/18756","targetHints":{"allow":["GET"]}}],"collection":[{"href":"https:\/\/obispadodezaratecampana.org\/index.php?rest_route=\/wp\/v2\/posts"}],"about":[{"href":"https:\/\/obispadodezaratecampana.org\/index.php?rest_route=\/wp\/v2\/types\/post"}],"author":[{"embeddable":true,"href":"https:\/\/obispadodezaratecampana.org\/index.php?rest_route=\/wp\/v2\/users\/2"}],"replies":[{"embeddable":true,"href":"https:\/\/obispadodezaratecampana.org\/index.php?rest_route=%2Fwp%2Fv2%2Fcomments&post=18756"}],"version-history":[{"count":7,"href":"https:\/\/obispadodezaratecampana.org\/index.php?rest_route=\/wp\/v2\/posts\/18756\/revisions"}],"predecessor-version":[{"id":18768,"href":"https:\/\/obispadodezaratecampana.org\/index.php?rest_route=\/wp\/v2\/posts\/18756\/revisions\/18768"}],"wp:featuredmedia":[{"embeddable":true,"href":"https:\/\/obispadodezaratecampana.org\/index.php?rest_route=\/wp\/v2\/media\/18759"}],"wp:attachment":[{"href":"https:\/\/obispadodezaratecampana.org\/index.php?rest_route=%2Fwp%2Fv2%2Fmedia&parent=18756"}],"wp:term":[{"taxonomy":"category","embeddable":true,"href":"https:\/\/obispadodezaratecampana.org\/index.php?rest_route=%2Fwp%2Fv2%2Fcategories&post=18756"},{"taxonomy":"post_tag","embeddable":true,"href":"https:\/\/obispadodezaratecampana.org\/index.php?rest_route=%2Fwp%2Fv2%2Ftags&post=18756"}],"curies":[{"name":"wp","href":"https:\/\/api.w.org\/{rel}","templated":true}]}}