{"id":18701,"date":"2024-05-17T16:15:06","date_gmt":"2024-05-17T19:15:06","guid":{"rendered":"http:\/\/obispadodezaratecampana.org\/?p=18701"},"modified":"2024-05-17T16:46:00","modified_gmt":"2024-05-17T19:46:00","slug":"sabado-8-de-mayo-presentacion-colecta-anual-de-caritas-en-escobar","status":"publish","type":"post","link":"https:\/\/obispadodezaratecampana.org\/?p=18701","title":{"rendered":"S\u00e1bado 18 de mayo: presentaci\u00f3n Colecta Anual de C\u00e1ritas en Escobar"},"content":{"rendered":"\t\t<div data-elementor-type=\"wp-post\" data-elementor-id=\"18701\" class=\"elementor elementor-18701\">\n\t\t\t\t\t\t<section class=\"elementor-section elementor-top-section elementor-element elementor-element-25d8b96c elementor-section-boxed elementor-section-height-default elementor-section-height-default\" data-id=\"25d8b96c\" data-element_type=\"section\" data-e-type=\"section\">\n\t\t\t\t\t\t<div class=\"elementor-container elementor-column-gap-default\">\n\t\t\t\t\t<div class=\"elementor-column elementor-col-100 elementor-top-column elementor-element elementor-element-480b283c\" data-id=\"480b283c\" data-element_type=\"column\" data-e-type=\"column\">\n\t\t\t<div class=\"elementor-widget-wrap elementor-element-populated\">\n\t\t\t\t\t\t<div class=\"elementor-element elementor-element-32b12cda elementor-widget elementor-widget-text-editor\" data-id=\"32b12cda\" data-element_type=\"widget\" data-e-type=\"widget\" data-widget_type=\"text-editor.default\">\n\t\t\t\t<div class=\"elementor-widget-container\">\n\t\t\t\t\t\t\t\t\t<div class=\"gs\"><div class=\"\"><div id=\":q1\" class=\"ii gt\"><div id=\":q6\" class=\"a3s aiL \">Les compartimos que este a\u00f1o se realizar\u00e1 la colecta anual de C\u00e1ritas bajo el lema:<br \/>&#8220;<strong>TU SOLIDARIDAD ES ESPERANZA&#8221;<\/strong><br \/>En nuestra di\u00f3cesis realizaremos su presentaci\u00f3n brindando informaci\u00f3n y material el pr\u00f3ximo <strong>s\u00e1bado 18 de Mayo en la Capilla San Roque en Escobar.<\/strong><\/div><div class=\"a3s aiL \">Comenzaremos a las 16:00 hs, compartiendo la misa con los j\u00f3venes de C\u00e1ritas del Decanato de Escobar, que estar\u00e1n finalizando su jornada de actividades.<\/div><div class=\"a3s aiL \"><p>Por cualquier consulta no duden en contactarse con secretar\u00eda diocesana.<br \/>\u00a1Un c\u00e1lido saludo a cada uno! \u00a1Bendiciones!<br \/>Comisi\u00f3n Diocesana de C\u00e1ritas de Z\u00e1rate-Campana.<br \/><br \/><img decoding=\"async\" class=\"an1\" draggable=\"false\" src=\"https:\/\/fonts.gstatic.com\/s\/e\/notoemoji\/15.0\/1f492\/32.png\" alt=\"\ud83d\udc92\" data-emoji=\"\ud83d\udc92\" aria-label=\"\ud83d\udc92\" \/>\u00a0Ubicaci\u00f3n de la Capilla:\u00a0<a href=\"https:\/\/maps.app.goo.gl\/9y3pjeEy3kFAPbNa9?g_st=iw\" target=\"_blank\" rel=\"noopener noreferrer\" data-saferedirecturl=\"https:\/\/www.google.com\/url?q=https:\/\/maps.app.goo.gl\/9y3pjeEy3kFAPbNa9?g_st%3Diw&amp;source=gmail&amp;ust=1716047893128000&amp;usg=AOvVaw0s99gEQT75ZzC4_VKoRgdQ\">https:\/\/maps.app.goo.gl\/9y3pje<wbr \/>Ey3kFAPbNa9?g_st=iw<\/a><\/p><p>\u00bfConoc\u00e9s j\u00f3venes con ganas de ayudar? El s\u00e1bado pueden sumarse a la actividad solidaria que se est\u00e1 realizando en Escobar, previa a la presentaci\u00f3n de la Colecta Anual de C\u00e1ritas en nuestra di\u00f3cesis, toda la info en el flyer ACTIVAMOS! &#8230;<\/p><\/div><div><a href=\"http:\/\/obispadodezaratecampana.org\/wp-content\/uploads\/2024\/05\/Caritas-encuentro-con-jovenes.jpg\"><img fetchpriority=\"high\" decoding=\"async\" class=\"aligncenter wp-image-18705\" src=\"http:\/\/obispadodezaratecampana.org\/wp-content\/uploads\/2024\/05\/Caritas-encuentro-con-jovenes-212x300.jpg\" alt=\"\" width=\"302\" height=\"427\" srcset=\"https:\/\/obispadodezaratecampana.org\/wp-content\/uploads\/2024\/05\/Caritas-encuentro-con-jovenes-212x300.jpg 212w, https:\/\/obispadodezaratecampana.org\/wp-content\/uploads\/2024\/05\/Caritas-encuentro-con-jovenes-724x1024.jpg 724w, https:\/\/obispadodezaratecampana.org\/wp-content\/uploads\/2024\/05\/Caritas-encuentro-con-jovenes-768x1086.jpg 768w, https:\/\/obispadodezaratecampana.org\/wp-content\/uploads\/2024\/05\/Caritas-encuentro-con-jovenes-1086x1536.jpg 1086w, https:\/\/obispadodezaratecampana.org\/wp-content\/uploads\/2024\/05\/Caritas-encuentro-con-jovenes.jpg 1131w\" sizes=\"(max-width: 302px) 100vw, 302px\" \/><\/a><\/div><\/div><div class=\"WhmR8e\" data-hash=\"0\">\u00a0<\/div><\/div><\/div>\t\t\t\t\t\t\t\t<\/div>\n\t\t\t\t<\/div>\n\t\t\t\t\t<\/div>\n\t\t<\/div>\n\t\t\t\t\t<\/div>\n\t\t<\/section>\n\t\t\t\t<\/div>\n\t\t<!-- AddThis Advanced Settings generic via filter on the_content --><!-- AddThis Share Buttons generic via filter on the_content -->","protected":false},"excerpt":{"rendered":"<p>Les compartimos que este a\u00f1o se realizar\u00e1 la colecta anual de C\u00e1ritas bajo el lema:&#8220;TU SOLIDARIDAD ES ESPERANZA&#8221;En nuestra di\u00f3cesis realizaremos su presentaci\u00f3n brindando informaci\u00f3n [&hellip;]<!-- AddThis Advanced Settings generic via filter on get_the_excerpt --><!-- AddThis Share Buttons generic via filter on get_the_excerpt --><\/p>\n","protected":false},"author":2,"featured_media":18702,"comment_status":"open","ping_status":"open","sticky":true,"template":"","format":"standard","meta":{"footnotes":""},"categories":[177,3],"tags":[],"class_list":["post-18701","post","type-post","status-publish","format-standard","has-post-thumbnail","hentry","category-diocesanas","category-noticiasparroquiales"],"_links":{"self":[{"href":"https:\/\/obispadodezaratecampana.org\/index.php?rest_route=\/wp\/v2\/posts\/18701","targetHints":{"allow":["GET"]}}],"collection":[{"href":"https:\/\/obispadodezaratecampana.org\/index.php?rest_route=\/wp\/v2\/posts"}],"about":[{"href":"https:\/\/obispadodezaratecampana.org\/index.php?rest_route=\/wp\/v2\/types\/post"}],"author":[{"embeddable":true,"href":"https:\/\/obispadodezaratecampana.org\/index.php?rest_route=\/wp\/v2\/users\/2"}],"replies":[{"embeddable":true,"href":"https:\/\/obispadodezaratecampana.org\/index.php?rest_route=%2Fwp%2Fv2%2Fcomments&post=18701"}],"version-history":[{"count":14,"href":"https:\/\/obispadodezaratecampana.org\/index.php?rest_route=\/wp\/v2\/posts\/18701\/revisions"}],"predecessor-version":[{"id":18718,"href":"https:\/\/obispadodezaratecampana.org\/index.php?rest_route=\/wp\/v2\/posts\/18701\/revisions\/18718"}],"wp:featuredmedia":[{"embeddable":true,"href":"https:\/\/obispadodezaratecampana.org\/index.php?rest_route=\/wp\/v2\/media\/18702"}],"wp:attachment":[{"href":"https:\/\/obispadodezaratecampana.org\/index.php?rest_route=%2Fwp%2Fv2%2Fmedia&parent=18701"}],"wp:term":[{"taxonomy":"category","embeddable":true,"href":"https:\/\/obispadodezaratecampana.org\/index.php?rest_route=%2Fwp%2Fv2%2Fcategories&post=18701"},{"taxonomy":"post_tag","embeddable":true,"href":"https:\/\/obispadodezaratecampana.org\/index.php?rest_route=%2Fwp%2Fv2%2Ftags&post=18701"}],"curies":[{"name":"wp","href":"https:\/\/api.w.org\/{rel}","templated":true}]}}