{"id":18695,"date":"2024-05-16T20:08:14","date_gmt":"2024-05-16T23:08:14","guid":{"rendered":"http:\/\/obispadodezaratecampana.org\/?p=18695"},"modified":"2024-05-16T20:11:23","modified_gmt":"2024-05-16T23:11:23","slug":"viernes-17-de-mayo-noche-heroica-de-varones-en-escobar","status":"publish","type":"post","link":"https:\/\/obispadodezaratecampana.org\/?p=18695","title":{"rendered":"Viernes 17 de mayo: Noche Heroica de Varones en Escobar"},"content":{"rendered":"\t\t<div data-elementor-type=\"wp-post\" data-elementor-id=\"18695\" class=\"elementor elementor-18695\">\n\t\t\t\t\t\t<section class=\"elementor-section elementor-top-section elementor-element elementor-element-25d8b96c elementor-section-boxed elementor-section-height-default elementor-section-height-default\" data-id=\"25d8b96c\" data-element_type=\"section\" data-e-type=\"section\">\n\t\t\t\t\t\t<div class=\"elementor-container elementor-column-gap-default\">\n\t\t\t\t\t<div class=\"elementor-column elementor-col-100 elementor-top-column elementor-element elementor-element-480b283c\" data-id=\"480b283c\" data-element_type=\"column\" data-e-type=\"column\">\n\t\t\t<div class=\"elementor-widget-wrap elementor-element-populated\">\n\t\t\t\t\t\t<div class=\"elementor-element elementor-element-32b12cda elementor-widget elementor-widget-text-editor\" data-id=\"32b12cda\" data-element_type=\"widget\" data-e-type=\"widget\" data-widget_type=\"text-editor.default\">\n\t\t\t\t<div class=\"elementor-widget-container\">\n\t\t\t\t\t\t\t\t\t<div dir=\"ltr\"><strong>\ud83d\udcab Se viene una nueva \ud83d\udcf2 Noche Heroica.<\/strong><br \/>\ud83d\udea8\u00bfPara quienes? J\u00f3venes varones de entre 15 y 30 a\u00f1os.<br \/>\ud83d\udea8\u00bfCu\u00e1ndo? Viernes 17 de mayo 2024, 17 hs.<br \/>\ud83d\udea8\u00bfD\u00f3nde? Parroquia Natividad del Se\u00f1or, calle Eugenia Tapia de la Cruz 524, Bel\u00e9n de Escobar.<br \/>\ud83d\udea8\u00a1Los invitan y esperan!<br \/>Comunidad del \ud83d\udcf2Seminario de Z\u00e1rate-Campana, en Instagram encontralos como @semizc<br \/>.-.-.<br \/>\u270d\ud83c\udffb Inscripci\u00f3n \ud83d\udd17<br \/><a href=\"https:\/\/forms.gle\/c1gZJK8y9kxCfaKXA\">https:\/\/forms.gle\/c1gZJK8y9kxCfaKXA<\/a><\/div><div dir=\"ltr\">\u00a0<\/div><div dir=\"ltr\">\u00a0<\/div>\t\t\t\t\t\t\t\t<\/div>\n\t\t\t\t<\/div>\n\t\t\t\t\t<\/div>\n\t\t<\/div>\n\t\t\t\t\t<\/div>\n\t\t<\/section>\n\t\t\t\t<\/div>\n\t\t<!-- AddThis Advanced Settings generic via filter on the_content --><!-- AddThis Share Buttons generic via filter on the_content -->","protected":false},"excerpt":{"rendered":"<p>? Se viene una nueva ? Noche Heroica.?\u00bfPara quienes? J\u00f3venes varones de entre 15 y 30 a\u00f1os.?\u00bfCu\u00e1ndo? Viernes 17 de mayo 2024, 17 hs.?\u00bfD\u00f3nde? Parroquia [&hellip;]<!-- AddThis Advanced Settings generic via filter on get_the_excerpt --><!-- AddThis Share Buttons generic via filter on get_the_excerpt --><\/p>\n","protected":false},"author":2,"featured_media":18696,"comment_status":"open","ping_status":"open","sticky":true,"template":"","format":"standard","meta":{"footnotes":""},"categories":[177,3],"tags":[],"class_list":["post-18695","post","type-post","status-publish","format-standard","has-post-thumbnail","hentry","category-diocesanas","category-noticiasparroquiales"],"_links":{"self":[{"href":"https:\/\/obispadodezaratecampana.org\/index.php?rest_route=\/wp\/v2\/posts\/18695","targetHints":{"allow":["GET"]}}],"collection":[{"href":"https:\/\/obispadodezaratecampana.org\/index.php?rest_route=\/wp\/v2\/posts"}],"about":[{"href":"https:\/\/obispadodezaratecampana.org\/index.php?rest_route=\/wp\/v2\/types\/post"}],"author":[{"embeddable":true,"href":"https:\/\/obispadodezaratecampana.org\/index.php?rest_route=\/wp\/v2\/users\/2"}],"replies":[{"embeddable":true,"href":"https:\/\/obispadodezaratecampana.org\/index.php?rest_route=%2Fwp%2Fv2%2Fcomments&post=18695"}],"version-history":[{"count":4,"href":"https:\/\/obispadodezaratecampana.org\/index.php?rest_route=\/wp\/v2\/posts\/18695\/revisions"}],"predecessor-version":[{"id":18700,"href":"https:\/\/obispadodezaratecampana.org\/index.php?rest_route=\/wp\/v2\/posts\/18695\/revisions\/18700"}],"wp:featuredmedia":[{"embeddable":true,"href":"https:\/\/obispadodezaratecampana.org\/index.php?rest_route=\/wp\/v2\/media\/18696"}],"wp:attachment":[{"href":"https:\/\/obispadodezaratecampana.org\/index.php?rest_route=%2Fwp%2Fv2%2Fmedia&parent=18695"}],"wp:term":[{"taxonomy":"category","embeddable":true,"href":"https:\/\/obispadodezaratecampana.org\/index.php?rest_route=%2Fwp%2Fv2%2Fcategories&post=18695"},{"taxonomy":"post_tag","embeddable":true,"href":"https:\/\/obispadodezaratecampana.org\/index.php?rest_route=%2Fwp%2Fv2%2Ftags&post=18695"}],"curies":[{"name":"wp","href":"https:\/\/api.w.org\/{rel}","templated":true}]}}