{"id":18644,"date":"2024-04-25T19:56:36","date_gmt":"2024-04-25T22:56:36","guid":{"rendered":"http:\/\/obispadodezaratecampana.org\/?p=18644"},"modified":"2024-04-25T20:14:45","modified_gmt":"2024-04-25T23:14:45","slug":"viernes-19-de-abril-noche-heroica-de-varones-en-escobar-2","status":"publish","type":"post","link":"https:\/\/obispadodezaratecampana.org\/?p=18644","title":{"rendered":"Retiro Diocesano de C\u00e1ritas: 26 y 27 de abril en Villa Marista, Pilar"},"content":{"rendered":"\t\t<div data-elementor-type=\"wp-post\" data-elementor-id=\"18644\" class=\"elementor elementor-18644\">\n\t\t\t\t\t\t<section class=\"elementor-section elementor-top-section elementor-element elementor-element-25d8b96c elementor-section-boxed elementor-section-height-default elementor-section-height-default\" data-id=\"25d8b96c\" data-element_type=\"section\" data-e-type=\"section\">\n\t\t\t\t\t\t<div class=\"elementor-container elementor-column-gap-default\">\n\t\t\t\t\t<div class=\"elementor-column elementor-col-100 elementor-top-column elementor-element elementor-element-480b283c\" data-id=\"480b283c\" data-element_type=\"column\" data-e-type=\"column\">\n\t\t\t<div class=\"elementor-widget-wrap elementor-element-populated\">\n\t\t\t\t\t\t<div class=\"elementor-element elementor-element-32b12cda elementor-widget elementor-widget-text-editor\" data-id=\"32b12cda\" data-element_type=\"widget\" data-e-type=\"widget\" data-widget_type=\"text-editor.default\">\n\t\t\t\t<div class=\"elementor-widget-container\">\n\t\t\t\t\t\t\t\t\t<div dir=\"ltr\">Queridos voluntarios, directores, animadores y sacerdotes: Los invitamos al Retiro Diocesano de C\u00e1ritas.\u00a0<\/div><div id=\"m_1541922983698160866AppleMailSignature\" dir=\"ltr\">Se llevar\u00e1 a cabo desde el Viernes 26 hasta el S\u00e1bado 27 de Abril en Villa Marista, Partido de Pilar.\u00a0<\/div><div id=\"m_1541922983698160866AppleMailSignature\" dir=\"ltr\">\u00a0<\/div><div id=\"m_1541922983698160866AppleMailSignature\" dir=\"ltr\">Por favor, confirm\u00e1 tu asistencia completando este formulario:\u00a0<em><a href=\"https:\/\/forms.gle\/eKq5sG8NHtv8PqBP6\" target=\"_blank\" rel=\"noopener\" data-saferedirecturl=\"https:\/\/www.google.com\/url?q=https:\/\/forms.gle\/eKq5sG8NHtv8PqBP6&amp;source=gmail&amp;ust=1714172697817000&amp;usg=AOvVaw3KndaL7V6Bfa5vxnxI0oF7\">https:\/\/forms.gle\/<wbr \/>eKq5sG8NHtv8PqBP6<\/a><\/em><\/div><div dir=\"ltr\">\u00a0<\/div><div id=\"m_1541922983698160866AppleMailSignature\" dir=\"ltr\">El gasto del retiro es de $3.000, solamente a modo de colaboraci\u00f3n y si est\u00e1 en tus posibilidades, no es obligatorio ni excluyente el pago del mismo.\u00a0<\/div><div id=\"m_1541922983698160866AppleMailSignature\" dir=\"ltr\">\u00a0<\/div><div id=\"m_1541922983698160866AppleMailSignature\" dir=\"ltr\">\u00a1Los esperamos!<\/div><div id=\"m_1541922983698160866AppleMailSignature\" dir=\"ltr\">Equipo diocesano<\/div><div dir=\"ltr\"><a href=\"http:\/\/obispadodezaratecampana.org\/wp-content\/uploads\/2024\/04\/89039ad0-58a8-4317-8941-ca5de9bfab64.jpg\"><img fetchpriority=\"high\" decoding=\"async\" class=\"aligncenter wp-image-18659 size-large\" src=\"http:\/\/obispadodezaratecampana.org\/wp-content\/uploads\/2024\/04\/89039ad0-58a8-4317-8941-ca5de9bfab64-724x1024.jpg\" alt=\"Retiro espiritual C\u00e1ritas\" width=\"724\" height=\"1024\" srcset=\"https:\/\/obispadodezaratecampana.org\/wp-content\/uploads\/2024\/04\/89039ad0-58a8-4317-8941-ca5de9bfab64-724x1024.jpg 724w, https:\/\/obispadodezaratecampana.org\/wp-content\/uploads\/2024\/04\/89039ad0-58a8-4317-8941-ca5de9bfab64-212x300.jpg 212w, https:\/\/obispadodezaratecampana.org\/wp-content\/uploads\/2024\/04\/89039ad0-58a8-4317-8941-ca5de9bfab64-768x1086.jpg 768w, https:\/\/obispadodezaratecampana.org\/wp-content\/uploads\/2024\/04\/89039ad0-58a8-4317-8941-ca5de9bfab64-1086x1536.jpg 1086w, https:\/\/obispadodezaratecampana.org\/wp-content\/uploads\/2024\/04\/89039ad0-58a8-4317-8941-ca5de9bfab64.jpg 1131w\" sizes=\"(max-width: 724px) 100vw, 724px\" \/><\/a><\/div><div dir=\"ltr\">\u00a0<\/div><div dir=\"ltr\"><a href=\"http:\/\/obispadodezaratecampana.org\/wp-content\/uploads\/2024\/04\/9a378c8e-c277-41df-a070-d325d3d4d297.jpg\"><img decoding=\"async\" class=\"aligncenter wp-image-18658 size-large\" src=\"http:\/\/obispadodezaratecampana.org\/wp-content\/uploads\/2024\/04\/9a378c8e-c277-41df-a070-d325d3d4d297-1024x1009.jpg\" alt=\"\" width=\"819\" height=\"807\" srcset=\"https:\/\/obispadodezaratecampana.org\/wp-content\/uploads\/2024\/04\/9a378c8e-c277-41df-a070-d325d3d4d297-1024x1009.jpg 1024w, https:\/\/obispadodezaratecampana.org\/wp-content\/uploads\/2024\/04\/9a378c8e-c277-41df-a070-d325d3d4d297-300x296.jpg 300w, https:\/\/obispadodezaratecampana.org\/wp-content\/uploads\/2024\/04\/9a378c8e-c277-41df-a070-d325d3d4d297-768x757.jpg 768w, https:\/\/obispadodezaratecampana.org\/wp-content\/uploads\/2024\/04\/9a378c8e-c277-41df-a070-d325d3d4d297-1536x1514.jpg 1536w, https:\/\/obispadodezaratecampana.org\/wp-content\/uploads\/2024\/04\/9a378c8e-c277-41df-a070-d325d3d4d297.jpg 1600w\" sizes=\"(max-width: 819px) 100vw, 819px\" \/><\/a><\/div>\t\t\t\t\t\t\t\t<\/div>\n\t\t\t\t<\/div>\n\t\t\t\t\t<\/div>\n\t\t<\/div>\n\t\t\t\t\t<\/div>\n\t\t<\/section>\n\t\t\t\t<\/div>\n\t\t<!-- AddThis Advanced Settings generic via filter on the_content --><!-- AddThis Share Buttons generic via filter on the_content -->","protected":false},"excerpt":{"rendered":"<p>Queridos voluntarios, directores, animadores y sacerdotes: Los invitamos al Retiro Diocesano de C\u00e1ritas.&nbsp;Se llevar\u00e1 a cabo desde el Viernes 26 hasta el S\u00e1bado 27 de [&hellip;]<!-- AddThis Advanced Settings generic via filter on get_the_excerpt --><!-- AddThis Share Buttons generic via filter on get_the_excerpt --><\/p>\n","protected":false},"author":2,"featured_media":18659,"comment_status":"open","ping_status":"open","sticky":true,"template":"","format":"standard","meta":{"footnotes":""},"categories":[178,177],"tags":[],"class_list":["post-18644","post","type-post","status-publish","format-standard","has-post-thumbnail","hentry","category-caridad","category-diocesanas"],"_links":{"self":[{"href":"https:\/\/obispadodezaratecampana.org\/index.php?rest_route=\/wp\/v2\/posts\/18644","targetHints":{"allow":["GET"]}}],"collection":[{"href":"https:\/\/obispadodezaratecampana.org\/index.php?rest_route=\/wp\/v2\/posts"}],"about":[{"href":"https:\/\/obispadodezaratecampana.org\/index.php?rest_route=\/wp\/v2\/types\/post"}],"author":[{"embeddable":true,"href":"https:\/\/obispadodezaratecampana.org\/index.php?rest_route=\/wp\/v2\/users\/2"}],"replies":[{"embeddable":true,"href":"https:\/\/obispadodezaratecampana.org\/index.php?rest_route=%2Fwp%2Fv2%2Fcomments&post=18644"}],"version-history":[{"count":9,"href":"https:\/\/obispadodezaratecampana.org\/index.php?rest_route=\/wp\/v2\/posts\/18644\/revisions"}],"predecessor-version":[{"id":18668,"href":"https:\/\/obispadodezaratecampana.org\/index.php?rest_route=\/wp\/v2\/posts\/18644\/revisions\/18668"}],"wp:featuredmedia":[{"embeddable":true,"href":"https:\/\/obispadodezaratecampana.org\/index.php?rest_route=\/wp\/v2\/media\/18659"}],"wp:attachment":[{"href":"https:\/\/obispadodezaratecampana.org\/index.php?rest_route=%2Fwp%2Fv2%2Fmedia&parent=18644"}],"wp:term":[{"taxonomy":"category","embeddable":true,"href":"https:\/\/obispadodezaratecampana.org\/index.php?rest_route=%2Fwp%2Fv2%2Fcategories&post=18644"},{"taxonomy":"post_tag","embeddable":true,"href":"https:\/\/obispadodezaratecampana.org\/index.php?rest_route=%2Fwp%2Fv2%2Ftags&post=18644"}],"curies":[{"name":"wp","href":"https:\/\/api.w.org\/{rel}","templated":true}]}}