{"id":18595,"date":"2024-04-11T14:05:00","date_gmt":"2024-04-11T17:05:00","guid":{"rendered":"http:\/\/obispadodezaratecampana.org\/?p=18595"},"modified":"2024-04-15T15:10:35","modified_gmt":"2024-04-15T18:10:35","slug":"domingo-21-de-abril-del-buen-pastor-colecta-sostenimiento-de-nuestro-seminario-diocesano-san-pedro-y-san-pablo","status":"publish","type":"post","link":"https:\/\/obispadodezaratecampana.org\/?p=18595","title":{"rendered":"Imagen peregrina de Mar\u00eda Reina de las Misiones llega a la di\u00f3cesis el domingo 21 de abril"},"content":{"rendered":"\t\t<div data-elementor-type=\"wp-post\" data-elementor-id=\"18595\" class=\"elementor elementor-18595\">\n\t\t\t\t\t\t<section class=\"elementor-section elementor-top-section elementor-element elementor-element-25d8b96c elementor-section-boxed elementor-section-height-default elementor-section-height-default\" data-id=\"25d8b96c\" data-element_type=\"section\" data-e-type=\"section\">\n\t\t\t\t\t\t<div class=\"elementor-container elementor-column-gap-default\">\n\t\t\t\t\t<div class=\"elementor-column elementor-col-100 elementor-top-column elementor-element elementor-element-480b283c\" data-id=\"480b283c\" data-element_type=\"column\" data-e-type=\"column\">\n\t\t\t<div class=\"elementor-widget-wrap elementor-element-populated\">\n\t\t\t\t\t\t<div class=\"elementor-element elementor-element-32b12cda elementor-widget elementor-widget-text-editor\" data-id=\"32b12cda\" data-element_type=\"widget\" data-e-type=\"widget\" data-widget_type=\"text-editor.default\">\n\t\t\t\t<div class=\"elementor-widget-container\">\n\t\t\t\t\t\t\t\t\t<p><strong>Imagen peregrina de Mar\u00eda Reina de las Misiones llega a la di\u00f3cesis de Z\u00e1rate-Campana: <\/strong><strong>domingo 21 de abril 2024<\/strong><\/p><p><em>Esta peregrinaci\u00f3n se realiza a partir del compromiso asumido en el VI Congreso Misionero Nacional celebrado en San Luis en octubre 2023, para que la Virgen llegue a todas las di\u00f3cesis del pa\u00eds.<\/em><\/p><p><em>La imagen de la Virgen inici\u00f3 su peregrinaci\u00f3n el 15 de octubre de 2023 en la Regi\u00f3n Patagonia, y la culminar\u00e1 en enero de 2025, en la Regi\u00f3n del Noreste argentino.\u00a0<\/em><\/p><p><strong>Itinerario en nuestra Di\u00f3cesis de Z\u00e1rate-Campana<\/strong><\/p><p><strong>*Decanato Ntra. Sra. del Pilar<\/strong><\/p><p>Domingo 21 de abril 19 hs. Pquia. Ntra. Sra. del Pilar, Santo l\u00edo y misa.\u00a0<\/p><p><strong>*Decanato Inmaculada Concepci\u00f3n<\/strong><\/p><p>Martes 23 de abril: Pquia. Inmaculada Concepci\u00f3n, Maquinista Savio.\u00a0<\/p><p>Mi\u00e9rcoles 24 de abril: Pquia. Natividad del Se\u00f1or, Escobar.\u00a0<\/p><p><strong>*Decanato Ntra. Sra. de Luj\u00e1n<\/strong><\/p><p>Jueves 25 de abril: Catedral Santa Florentina, Campana.<\/p><p>Viernes 26 de abril: Pquia. Mar\u00eda de Nazareth, Z\u00e1rate.<\/p><p><strong>Decanato Santo Cura Brochero<\/strong><\/p><p>S\u00e1bado 27 de abril: Pquia. Santiago Ap\u00f3stol, Baradero.<\/p><p><a href=\"http:\/\/obispadodezaratecampana.org\/wp-content\/uploads\/2024\/04\/PHOTO-2024-04-15-13-40-25.jpg\"><br \/><img fetchpriority=\"high\" decoding=\"async\" class=\"aligncenter size-medium wp-image-18612\" src=\"http:\/\/obispadodezaratecampana.org\/wp-content\/uploads\/2024\/04\/PHOTO-2024-04-15-13-40-25-300x290.jpg\" alt=\"\" width=\"300\" height=\"290\" srcset=\"https:\/\/obispadodezaratecampana.org\/wp-content\/uploads\/2024\/04\/PHOTO-2024-04-15-13-40-25-300x290.jpg 300w, https:\/\/obispadodezaratecampana.org\/wp-content\/uploads\/2024\/04\/PHOTO-2024-04-15-13-40-25-1024x990.jpg 1024w, https:\/\/obispadodezaratecampana.org\/wp-content\/uploads\/2024\/04\/PHOTO-2024-04-15-13-40-25-768x742.jpg 768w, https:\/\/obispadodezaratecampana.org\/wp-content\/uploads\/2024\/04\/PHOTO-2024-04-15-13-40-25.jpg 1280w\" sizes=\"(max-width: 300px) 100vw, 300px\" \/><\/a><\/p>\t\t\t\t\t\t\t\t<\/div>\n\t\t\t\t<\/div>\n\t\t\t\t\t<\/div>\n\t\t<\/div>\n\t\t\t\t\t<\/div>\n\t\t<\/section>\n\t\t\t\t<\/div>\n\t\t<!-- AddThis Advanced Settings generic via filter on the_content --><!-- AddThis Share Buttons generic via filter on the_content -->","protected":false},"excerpt":{"rendered":"<p>Imagen peregrina de Mar\u00eda Reina de las Misiones llega a la di\u00f3cesis de Z\u00e1rate-Campana: domingo 21 de abril 2024 Esta peregrinaci\u00f3n se realiza a partir [&hellip;]<!-- AddThis Advanced Settings generic via filter on get_the_excerpt --><!-- AddThis Share Buttons generic via filter on get_the_excerpt --><\/p>\n","protected":false},"author":2,"featured_media":18601,"comment_status":"open","ping_status":"open","sticky":true,"template":"","format":"standard","meta":{"footnotes":""},"categories":[177],"tags":[],"class_list":["post-18595","post","type-post","status-publish","format-standard","has-post-thumbnail","hentry","category-diocesanas"],"_links":{"self":[{"href":"https:\/\/obispadodezaratecampana.org\/index.php?rest_route=\/wp\/v2\/posts\/18595","targetHints":{"allow":["GET"]}}],"collection":[{"href":"https:\/\/obispadodezaratecampana.org\/index.php?rest_route=\/wp\/v2\/posts"}],"about":[{"href":"https:\/\/obispadodezaratecampana.org\/index.php?rest_route=\/wp\/v2\/types\/post"}],"author":[{"embeddable":true,"href":"https:\/\/obispadodezaratecampana.org\/index.php?rest_route=\/wp\/v2\/users\/2"}],"replies":[{"embeddable":true,"href":"https:\/\/obispadodezaratecampana.org\/index.php?rest_route=%2Fwp%2Fv2%2Fcomments&post=18595"}],"version-history":[{"count":30,"href":"https:\/\/obispadodezaratecampana.org\/index.php?rest_route=\/wp\/v2\/posts\/18595\/revisions"}],"predecessor-version":[{"id":18631,"href":"https:\/\/obispadodezaratecampana.org\/index.php?rest_route=\/wp\/v2\/posts\/18595\/revisions\/18631"}],"wp:featuredmedia":[{"embeddable":true,"href":"https:\/\/obispadodezaratecampana.org\/index.php?rest_route=\/wp\/v2\/media\/18601"}],"wp:attachment":[{"href":"https:\/\/obispadodezaratecampana.org\/index.php?rest_route=%2Fwp%2Fv2%2Fmedia&parent=18595"}],"wp:term":[{"taxonomy":"category","embeddable":true,"href":"https:\/\/obispadodezaratecampana.org\/index.php?rest_route=%2Fwp%2Fv2%2Fcategories&post=18595"},{"taxonomy":"post_tag","embeddable":true,"href":"https:\/\/obispadodezaratecampana.org\/index.php?rest_route=%2Fwp%2Fv2%2Ftags&post=18595"}],"curies":[{"name":"wp","href":"https:\/\/api.w.org\/{rel}","templated":true}]}}