{"id":18449,"date":"2024-01-25T03:50:00","date_gmt":"2024-01-25T06:50:00","guid":{"rendered":"http:\/\/obispadodezaratecampana.org\/?p=18449"},"modified":"2024-02-02T16:20:50","modified_gmt":"2024-02-02T19:20:50","slug":"fiesta-de-la-presentacion-del-senor-viernes-2-de-febrero","status":"publish","type":"post","link":"https:\/\/obispadodezaratecampana.org\/?p=18449","title":{"rendered":"\u00bfPor qu\u00e9 el 2024 es el A\u00f1o de la Oraci\u00f3n?"},"content":{"rendered":"\t\t<div data-elementor-type=\"wp-post\" data-elementor-id=\"18449\" class=\"elementor elementor-18449\">\n\t\t\t\t\t\t<section class=\"elementor-section elementor-top-section elementor-element elementor-element-25d8b96c elementor-section-boxed elementor-section-height-default elementor-section-height-default\" data-id=\"25d8b96c\" data-element_type=\"section\" data-e-type=\"section\">\n\t\t\t\t\t\t<div class=\"elementor-container elementor-column-gap-default\">\n\t\t\t\t\t<div class=\"elementor-column elementor-col-100 elementor-top-column elementor-element elementor-element-480b283c\" data-id=\"480b283c\" data-element_type=\"column\" data-e-type=\"column\">\n\t\t\t<div class=\"elementor-widget-wrap elementor-element-populated\">\n\t\t\t\t\t\t<div class=\"elementor-element elementor-element-32b12cda elementor-widget elementor-widget-text-editor\" data-id=\"32b12cda\" data-element_type=\"widget\" data-e-type=\"widget\" data-widget_type=\"text-editor.default\">\n\t\t\t\t<div class=\"elementor-widget-container\">\n\t\t\t\t\t\t\t\t\t<p><strong>El Papa Francisco lanza el A\u00f1o de la Oraci\u00f3n en preparaci\u00f3n del Jubileo<\/strong><\/p><p><em>Para vivir el &#8220;tiempo de gracia&#8221; hasta la apertura de la Puerta Santa, el Pont\u00edfice en el \u00c1ngelus pide a los fieles &#8220;intensificar&#8221; la oraci\u00f3n. Inicia as\u00ed este a\u00f1o especial en el que todas las di\u00f3cesis est\u00e1n invitadas a proponer peregrinaciones, itinerarios o momentos de oraci\u00f3n individual o comunitaria con los obispos y los fieles. El Dicasterio para la Evangelizaci\u00f3n publicar\u00e1 una serie de &#8220;Apuntes sobre la oraci\u00f3n&#8221; para la ocasi\u00f3n.<\/em><\/p><p>El Papa Francisco inaugura el A\u00f1o de la Oraci\u00f3n, &#8220;un a\u00f1o dedicado a redescubrir el gran valor y la absoluta necesidad de la oraci\u00f3n&#8221;. La oraci\u00f3n en la vida personal, en la vida de la Iglesia, la oraci\u00f3n en el mundo.<\/p><p><strong>Vivir un tiempo de gracia<\/strong><\/p><p>El anuncio del Pont\u00edfice se produjo al final del \u00c1ngelus de este domingo 21 de enero, V Domingo de la Palabra de Dios. Tras la catequesis, el Papa record\u00f3 a los 20.000 fieles presentes en la Plaza de San Pedro que &#8220;los pr\u00f3ximos meses nos conducir\u00e1n a la apertura de la Puerta Santa con la que iniciaremos el Jubileo.<\/p><p>&#8220;Les pido que intensifiquen la oraci\u00f3n para vivir este tiempo de gracia.&#8221;<\/p><p><strong>Iniciativas en las di\u00f3cesis del mundo<\/strong><\/p><p>Para ello, el Papa Francisco da comienzo a este a\u00f1o especial -que sigue al dedicado a la reflexi\u00f3n sobre los documentos y al estudio de los frutos del Concilio Vaticano II- durante el cual se trabajar\u00e1 en las di\u00f3cesis de todo el mundo para redescubrir la centralidad de la oraci\u00f3n.<\/p><p>En preparaci\u00f3n del A\u00f1o Santo 2025, se invita a las di\u00f3cesis a promover momentos de oraci\u00f3n individual y comunitaria. Se proponen &#8220;peregrinaciones de oraci\u00f3n&#8221; hacia el Jubileo o itinerarios de escuelas de oraci\u00f3n con etapas mensuales o semanales, presididas por los obispos, en las que implicar a todo el Pueblo de Dios.<\/p><p><strong>Una serie de &#8220;Notas&#8221; del Dicasterio para la Evangelizaci\u00f3n<\/strong><\/p><p>Para vivir plenamente este a\u00f1o, el Dicasterio para la Evangelizaci\u00f3n publicar\u00e1 una serie de &#8220;Apuntes sobre la oraci\u00f3n&#8221;, para volver a poner en el centro la relaci\u00f3n profunda con el Se\u00f1or, a trav\u00e9s de las m\u00faltiples formas de oraci\u00f3n contempladas en la rica tradici\u00f3n cat\u00f3lica.<\/p><p><em>21 de enero 2024 &#8211; Fuente: Vatican News<\/em><\/p><p><strong>Significado del Logo del A\u00f1o de la Oraci\u00f3n 2024<\/strong><\/p><p><a href=\"http:\/\/obispadodezaratecampana.org\/wp-content\/uploads\/2024\/02\/Logo-ano-de-oracion-e1706901376513.jpg\"><img fetchpriority=\"high\" decoding=\"async\" class=\"aligncenter wp-image-18377 size-full\" src=\"http:\/\/obispadodezaratecampana.org\/wp-content\/uploads\/2024\/02\/Logo-ano-de-oracion-e1706901376513.jpg\" alt=\"Logo a\u00f1o de oraci\u00f3n 2024\" width=\"750\" height=\"632\" \/><\/a><\/p><p>\u00a0<\/p><p><em>\u00a0<\/em><\/p>\t\t\t\t\t\t\t\t<\/div>\n\t\t\t\t<\/div>\n\t\t\t\t\t<\/div>\n\t\t<\/div>\n\t\t\t\t\t<\/div>\n\t\t<\/section>\n\t\t\t\t<\/div>\n\t\t<!-- AddThis Advanced Settings generic via filter on the_content --><!-- AddThis Share Buttons generic via filter on the_content -->","protected":false},"excerpt":{"rendered":"<p>El Papa Francisco lanza el A\u00f1o de la Oraci\u00f3n en preparaci\u00f3n del Jubileo Para vivir el &#8220;tiempo de gracia&#8221; hasta la apertura de la Puerta [&hellip;]<!-- AddThis Advanced Settings generic via filter on get_the_excerpt --><!-- AddThis Share Buttons generic via filter on get_the_excerpt --><\/p>\n","protected":false},"author":2,"featured_media":18377,"comment_status":"open","ping_status":"open","sticky":true,"template":"","format":"standard","meta":{"footnotes":""},"categories":[177],"tags":[],"class_list":["post-18449","post","type-post","status-publish","format-standard","has-post-thumbnail","hentry","category-diocesanas"],"_links":{"self":[{"href":"https:\/\/obispadodezaratecampana.org\/index.php?rest_route=\/wp\/v2\/posts\/18449","targetHints":{"allow":["GET"]}}],"collection":[{"href":"https:\/\/obispadodezaratecampana.org\/index.php?rest_route=\/wp\/v2\/posts"}],"about":[{"href":"https:\/\/obispadodezaratecampana.org\/index.php?rest_route=\/wp\/v2\/types\/post"}],"author":[{"embeddable":true,"href":"https:\/\/obispadodezaratecampana.org\/index.php?rest_route=\/wp\/v2\/users\/2"}],"replies":[{"embeddable":true,"href":"https:\/\/obispadodezaratecampana.org\/index.php?rest_route=%2Fwp%2Fv2%2Fcomments&post=18449"}],"version-history":[{"count":27,"href":"https:\/\/obispadodezaratecampana.org\/index.php?rest_route=\/wp\/v2\/posts\/18449\/revisions"}],"predecessor-version":[{"id":18478,"href":"https:\/\/obispadodezaratecampana.org\/index.php?rest_route=\/wp\/v2\/posts\/18449\/revisions\/18478"}],"wp:featuredmedia":[{"embeddable":true,"href":"https:\/\/obispadodezaratecampana.org\/index.php?rest_route=\/wp\/v2\/media\/18377"}],"wp:attachment":[{"href":"https:\/\/obispadodezaratecampana.org\/index.php?rest_route=%2Fwp%2Fv2%2Fmedia&parent=18449"}],"wp:term":[{"taxonomy":"category","embeddable":true,"href":"https:\/\/obispadodezaratecampana.org\/index.php?rest_route=%2Fwp%2Fv2%2Fcategories&post=18449"},{"taxonomy":"post_tag","embeddable":true,"href":"https:\/\/obispadodezaratecampana.org\/index.php?rest_route=%2Fwp%2Fv2%2Ftags&post=18449"}],"curies":[{"name":"wp","href":"https:\/\/api.w.org\/{rel}","templated":true}]}}