{"id":18375,"date":"2024-02-01T15:46:00","date_gmt":"2024-02-01T18:46:00","guid":{"rendered":"http:\/\/obispadodezaratecampana.org\/?p=18375"},"modified":"2024-02-01T19:25:34","modified_gmt":"2024-02-01T22:25:34","slug":"lo-mejor-fue-la-llegada-del-sagrado-corazon-de-jesus","status":"publish","type":"post","link":"https:\/\/obispadodezaratecampana.org\/?p=18375","title":{"rendered":"Por los enfermos terminales: intenci\u00f3n oraci\u00f3n febrero del Papa Francisco"},"content":{"rendered":"\t\t<div data-elementor-type=\"wp-post\" data-elementor-id=\"18375\" class=\"elementor elementor-18375\">\n\t\t\t\t\t\t<section class=\"elementor-section elementor-top-section elementor-element elementor-element-25d8b96c elementor-section-boxed elementor-section-height-default elementor-section-height-default\" data-id=\"25d8b96c\" data-element_type=\"section\" data-e-type=\"section\">\n\t\t\t\t\t\t<div class=\"elementor-container elementor-column-gap-default\">\n\t\t\t\t\t<div class=\"elementor-column elementor-col-100 elementor-top-column elementor-element elementor-element-480b283c\" data-id=\"480b283c\" data-element_type=\"column\" data-e-type=\"column\">\n\t\t\t<div class=\"elementor-widget-wrap elementor-element-populated\">\n\t\t\t\t\t\t<div class=\"elementor-element elementor-element-32b12cda elementor-widget elementor-widget-text-editor\" data-id=\"32b12cda\" data-element_type=\"widget\" data-e-type=\"widget\" data-widget_type=\"text-editor.default\">\n\t\t\t\t<div class=\"elementor-widget-container\">\n\t\t\t\t\t\t\t\t\t<p><span style=\"text-decoration: underline;\"><strong>Febrero 2024: Intenci\u00f3n de Oraci\u00f3n del Papa Francisco: &#8220;Por los enfermos terminales&#8221;<\/strong><\/span><\/p><p><em><strong>Oremos para que los enfermos terminales y sus familias reciban siempre los cuidados y el acompa\u00f1amiento necesarios, tanto desde el punto de vista m\u00e9dico como humano.<\/strong><\/em><\/p><p><iframe title=\"Por los enfermos terminales \u2013 El Video del Papa 2 \u2013 Febrero 2024\" width=\"819\" height=\"461\" src=\"https:\/\/www.youtube.com\/embed\/Z0m82Ldwa7o?feature=oembed\" frameborder=\"0\" allow=\"accelerometer; autoplay; clipboard-write; encrypted-media; gyroscope; picture-in-picture; web-share\" allowfullscreen><\/iframe><\/p><p>\u00bfC\u00f3mo podemos acompa\u00f1ar a los enfermos terminales?<\/p><p>En una nueva intenci\u00f3n de oraci\u00f3n de El Video del Papa, Francisco nos recuerda que los enfermos terminales tienen derecho al acompa\u00f1amiento m\u00e9dico, psicol\u00f3gico, espiritual y humano.<\/p><p>Tambi\u00e9n nos explica que \u201cno siempre se consigue la curaci\u00f3n\u201d, \u201cpero siempre podemos cuidar al enfermo\u201d. Y remarca que \u201clas familias no pueden quedarse solas\u201d.<\/p><p>\ud83d\ude4f Oremos con Francisco \u201cpara que los enfermos terminales y sus familias reciban siempre los cuidados y el acompa\u00f1amiento necesarios, tanto desde el punto de vista m\u00e9dico como humano\u201d.<\/p><p>Hay dos palabras que, cuando algunos hablan de enfermedades terminales, las confunden: incurable e in-cuidable. Y no son lo mismo.<\/p><p>Incluso cuando existan muy pocas posibilidades de curaci\u00f3n, todos los enfermos tienen derecho al acompa\u00f1amiento m\u00e9dico, al acompa\u00f1amiento psicol\u00f3gico, al acompa\u00f1amiento espiritual, al acompa\u00f1amiento humano.<\/p><p>A veces no pueden hablar, a veces pensamos que no nos conocen, pero si les tomamos la mano entendemos que est\u00e1n en sinton\u00eda.<\/p><p>No siempre se consigue la curaci\u00f3n. Pero siempre podemos cuidar al enfermo, acariciar al enfermo.<\/p><p>San Juan Pablo II dec\u00eda que \u201ccurar si es posible, cuidar siempre\u201d.<\/p><p>Y aqu\u00ed es donde entran los cuidados paliativos, que garantizan al paciente no solo la atenci\u00f3n m\u00e9dica, sino tambi\u00e9n un acompa\u00f1amiento humano y cercano.<\/p><p>Las familias no pueden quedarse solas en esos momentos dif\u00edciles.<\/p><p>Su papel es decisivo. Tienen que tener los medios adecuados para desarrollar el apoyo f\u00edsico, el apoyo espiritual, el apoyo social.<\/p><p>Oremos para que los enfermos terminales y sus familias reciban siempre los cuidados y el acompa\u00f1amiento necesarios, tanto desde el punto de vista m\u00e9dico como humano.<\/p>\t\t\t\t\t\t\t\t<\/div>\n\t\t\t\t<\/div>\n\t\t\t\t\t<\/div>\n\t\t<\/div>\n\t\t\t\t\t<\/div>\n\t\t<\/section>\n\t\t\t\t<\/div>\n\t\t<!-- AddThis Advanced Settings generic via filter on the_content --><!-- AddThis Share Buttons generic via filter on the_content -->","protected":false},"excerpt":{"rendered":"<p>Febrero 2024: Intenci\u00f3n de Oraci\u00f3n del Papa Francisco: &#8220;Por los enfermos terminales&#8221; Oremos para que los enfermos terminales y sus familias reciban siempre los cuidados [&hellip;]<!-- AddThis Advanced Settings generic via filter on get_the_excerpt --><!-- AddThis Share Buttons generic via filter on get_the_excerpt --><\/p>\n","protected":false},"author":2,"featured_media":18389,"comment_status":"open","ping_status":"open","sticky":true,"template":"","format":"standard","meta":{"footnotes":""},"categories":[161,5,8],"tags":[],"class_list":["post-18375","post","type-post","status-publish","format-standard","has-post-thumbnail","hentry","category-el-papa-leonxiv","category-generales","category-videos"],"_links":{"self":[{"href":"https:\/\/obispadodezaratecampana.org\/index.php?rest_route=\/wp\/v2\/posts\/18375","targetHints":{"allow":["GET"]}}],"collection":[{"href":"https:\/\/obispadodezaratecampana.org\/index.php?rest_route=\/wp\/v2\/posts"}],"about":[{"href":"https:\/\/obispadodezaratecampana.org\/index.php?rest_route=\/wp\/v2\/types\/post"}],"author":[{"embeddable":true,"href":"https:\/\/obispadodezaratecampana.org\/index.php?rest_route=\/wp\/v2\/users\/2"}],"replies":[{"embeddable":true,"href":"https:\/\/obispadodezaratecampana.org\/index.php?rest_route=%2Fwp%2Fv2%2Fcomments&post=18375"}],"version-history":[{"count":7,"href":"https:\/\/obispadodezaratecampana.org\/index.php?rest_route=\/wp\/v2\/posts\/18375\/revisions"}],"predecessor-version":[{"id":18388,"href":"https:\/\/obispadodezaratecampana.org\/index.php?rest_route=\/wp\/v2\/posts\/18375\/revisions\/18388"}],"wp:featuredmedia":[{"embeddable":true,"href":"https:\/\/obispadodezaratecampana.org\/index.php?rest_route=\/wp\/v2\/media\/18389"}],"wp:attachment":[{"href":"https:\/\/obispadodezaratecampana.org\/index.php?rest_route=%2Fwp%2Fv2%2Fmedia&parent=18375"}],"wp:term":[{"taxonomy":"category","embeddable":true,"href":"https:\/\/obispadodezaratecampana.org\/index.php?rest_route=%2Fwp%2Fv2%2Fcategories&post=18375"},{"taxonomy":"post_tag","embeddable":true,"href":"https:\/\/obispadodezaratecampana.org\/index.php?rest_route=%2Fwp%2Fv2%2Ftags&post=18375"}],"curies":[{"name":"wp","href":"https:\/\/api.w.org\/{rel}","templated":true}]}}