{"id":18359,"date":"2024-02-01T17:27:12","date_gmt":"2024-02-01T20:27:12","guid":{"rendered":"http:\/\/obispadodezaratecampana.org\/?p=18359"},"modified":"2024-02-01T17:39:25","modified_gmt":"2024-02-01T20:39:25","slug":"viernes-17-de-noviembre-jornada-de-oracion-por-la-patria","status":"publish","type":"post","link":"https:\/\/obispadodezaratecampana.org\/?p=18359","title":{"rendered":"&#8220;Lo mejor fue la llegada del Sagrado Coraz\u00f3n de Jes\u00fas&#8221;"},"content":{"rendered":"\t\t<div data-elementor-type=\"wp-post\" data-elementor-id=\"18359\" class=\"elementor elementor-18359\">\n\t\t\t\t\t\t<section class=\"elementor-section elementor-top-section elementor-element elementor-element-25d8b96c elementor-section-boxed elementor-section-height-default elementor-section-height-default\" data-id=\"25d8b96c\" data-element_type=\"section\" data-e-type=\"section\">\n\t\t\t\t\t\t<div class=\"elementor-container elementor-column-gap-default\">\n\t\t\t\t\t<div class=\"elementor-column elementor-col-100 elementor-top-column elementor-element elementor-element-480b283c\" data-id=\"480b283c\" data-element_type=\"column\" data-e-type=\"column\">\n\t\t\t<div class=\"elementor-widget-wrap elementor-element-populated\">\n\t\t\t\t\t\t<div class=\"elementor-element elementor-element-32b12cda elementor-widget elementor-widget-text-editor\" data-id=\"32b12cda\" data-element_type=\"widget\" data-e-type=\"widget\" data-widget_type=\"text-editor.default\">\n\t\t\t\t<div class=\"elementor-widget-container\">\n\t\t\t\t\t\t\t\t\t<p>El viernes 2 de febrero estaremos celebrando la \u201cFiesta de la Presentaci\u00f3n del Se\u00f1or\u201d, y coincide adem\u00e1s la celebraci\u00f3n de la \u201cPurificaci\u00f3n de la Virgen Mar\u00eda\u201d y \u201cNtra. Sra. de la Candelaria\u201d. <br \/>En la casa de Zulma -de la localidad de Lima- se va a cumplir un a\u00f1o de lo que ella reconoce como \u201clo mejor que le pas\u00f3 en 2023\u201d, que se trata de la llegada de una imagen del Sagrado Coraz\u00f3n de Jes\u00fas. Emocionada comparte su testimonio \u201cEl se hizo su lugar\u201d en referencia al altar domestico de oraci\u00f3n, y desea a todos los argentinos: Unidad, Paz, Amor y Trabajo.<\/p><p>Video con el testimonio de Zulma:\u00a0<\/p><p><em><strong><a href=\"https:\/\/youtu.be\/011iNa3KVrE?feature=shared\">https:\/\/youtu.be\/011iNa3KVrE?feature=shared<\/a><\/strong><\/em><\/p><p>Transitando el A\u00f1o de la Oraci\u00f3n que convoc\u00f3 el Papa Francisco, donde su lema nos exhorta \u201cSe\u00f1or, ens\u00e9\u00f1anos a orar\u201d, aprovechemos para reflexionar sobre lo mejor que nos pas\u00f3 en 2023 y lo bueno que esperamos para este 2024 que reci\u00e9n comienza.<\/p><p>\u00bfQu\u00e9 te hace feliz? \u00bfLe das gracias a Dios por lo bueno que te pasa? \u00bfTen\u00e9s en tu casa un lugarcito de oraci\u00f3n como Zulma? \u00bfQu\u00e9 cosas buenas esper\u00e1s te pasen en este a\u00f1o?<\/p>\t\t\t\t\t\t\t\t<\/div>\n\t\t\t\t<\/div>\n\t\t\t\t\t<\/div>\n\t\t<\/div>\n\t\t\t\t\t<\/div>\n\t\t<\/section>\n\t\t\t\t<\/div>\n\t\t<!-- AddThis Advanced Settings generic via filter on the_content --><!-- AddThis Share Buttons generic via filter on the_content -->","protected":false},"excerpt":{"rendered":"<p>El viernes 2 de febrero estaremos celebrando la \u201cFiesta de la Presentaci\u00f3n del Se\u00f1or\u201d, y coincide adem\u00e1s la celebraci\u00f3n de la \u201cPurificaci\u00f3n de la Virgen [&hellip;]<!-- AddThis Advanced Settings generic via filter on get_the_excerpt --><!-- AddThis Share Buttons generic via filter on get_the_excerpt --><\/p>\n","protected":false},"author":2,"featured_media":18357,"comment_status":"open","ping_status":"open","sticky":true,"template":"","format":"standard","meta":{"footnotes":""},"categories":[177],"tags":[],"class_list":["post-18359","post","type-post","status-publish","format-standard","has-post-thumbnail","hentry","category-diocesanas"],"_links":{"self":[{"href":"https:\/\/obispadodezaratecampana.org\/index.php?rest_route=\/wp\/v2\/posts\/18359","targetHints":{"allow":["GET"]}}],"collection":[{"href":"https:\/\/obispadodezaratecampana.org\/index.php?rest_route=\/wp\/v2\/posts"}],"about":[{"href":"https:\/\/obispadodezaratecampana.org\/index.php?rest_route=\/wp\/v2\/types\/post"}],"author":[{"embeddable":true,"href":"https:\/\/obispadodezaratecampana.org\/index.php?rest_route=\/wp\/v2\/users\/2"}],"replies":[{"embeddable":true,"href":"https:\/\/obispadodezaratecampana.org\/index.php?rest_route=%2Fwp%2Fv2%2Fcomments&post=18359"}],"version-history":[{"count":15,"href":"https:\/\/obispadodezaratecampana.org\/index.php?rest_route=\/wp\/v2\/posts\/18359\/revisions"}],"predecessor-version":[{"id":18374,"href":"https:\/\/obispadodezaratecampana.org\/index.php?rest_route=\/wp\/v2\/posts\/18359\/revisions\/18374"}],"wp:featuredmedia":[{"embeddable":true,"href":"https:\/\/obispadodezaratecampana.org\/index.php?rest_route=\/wp\/v2\/media\/18357"}],"wp:attachment":[{"href":"https:\/\/obispadodezaratecampana.org\/index.php?rest_route=%2Fwp%2Fv2%2Fmedia&parent=18359"}],"wp:term":[{"taxonomy":"category","embeddable":true,"href":"https:\/\/obispadodezaratecampana.org\/index.php?rest_route=%2Fwp%2Fv2%2Fcategories&post=18359"},{"taxonomy":"post_tag","embeddable":true,"href":"https:\/\/obispadodezaratecampana.org\/index.php?rest_route=%2Fwp%2Fv2%2Ftags&post=18359"}],"curies":[{"name":"wp","href":"https:\/\/api.w.org\/{rel}","templated":true}]}}