{"id":18155,"date":"2023-09-24T19:49:47","date_gmt":"2023-09-24T22:49:47","guid":{"rendered":"http:\/\/obispadodezaratecampana.org\/?p=18155"},"modified":"2023-09-24T20:17:50","modified_gmt":"2023-09-24T23:17:50","slug":"estas-a-tiempo-inscribite-y-participa-de-la-mision-juvenil-diocesana-2023","status":"publish","type":"post","link":"https:\/\/obispadodezaratecampana.org\/?p=18155","title":{"rendered":"Invitaci\u00f3n: domingo 1 de octubre &#8211; Misa Clausura XVII Misi\u00f3n Juvenil Diocesana"},"content":{"rendered":"\t\t<div data-elementor-type=\"wp-post\" data-elementor-id=\"18155\" class=\"elementor elementor-18155\">\n\t\t\t\t\t\t<section class=\"elementor-section elementor-top-section elementor-element elementor-element-25d8b96c elementor-section-boxed elementor-section-height-default elementor-section-height-default\" data-id=\"25d8b96c\" data-element_type=\"section\" data-e-type=\"section\">\n\t\t\t\t\t\t<div class=\"elementor-container elementor-column-gap-default\">\n\t\t\t\t\t<div class=\"elementor-column elementor-col-100 elementor-top-column elementor-element elementor-element-480b283c\" data-id=\"480b283c\" data-element_type=\"column\" data-e-type=\"column\">\n\t\t\t<div class=\"elementor-widget-wrap elementor-element-populated\">\n\t\t\t\t\t\t<div class=\"elementor-element elementor-element-32b12cda elementor-widget elementor-widget-text-editor\" data-id=\"32b12cda\" data-element_type=\"widget\" data-e-type=\"widget\" data-widget_type=\"text-editor.default\">\n\t\t\t\t<div class=\"elementor-widget-container\">\n\t\t\t\t\t\t\t\t\t<div>Estimados hermanos:<\/div><div>El pr\u00f3ximo fin de semana del 29\/9, 30\/9 y 1\/10 se realizar\u00e1 la XVII Misi\u00f3n Juvenil Diocesana.<\/div><div>En esta ocasi\u00f3n la Parroquia anfitriona ser\u00e1 San Juan Bautista de Matheu.<\/div><div>Queremos invitarlos especialmente a participar de la <strong>Misa de clausura<\/strong> presidida por nuestro Obispo Auxiliar Justo Rodr\u00edguez Gallego. En la misma, algunos Seminaristas de nuestra di\u00f3cesis recibir\u00e1n Ministerios en su camino de formaci\u00f3n.<\/div><div>Esto ser\u00e1 el <strong>domingo 1\/10 a las 16:30 hs. en el Microestadio de Matheu, <\/strong>calle Domingo Nazarre 813.<\/div><div><em>Copio debajo la ubicaci\u00f3n del lugar en Google Maps:<\/em><\/div><div><a href=\"https:\/\/maps.app.goo.gl\/3J7wqGK6rmPhHQu58\" target=\"_blank\" rel=\"noopener\" data-saferedirecturl=\"https:\/\/www.google.com\/url?q=https:\/\/maps.app.goo.gl\/3J7wqGK6rmPhHQu58&amp;source=gmail&amp;ust=1695545270952000&amp;usg=AOvVaw0GiZicabuXIScVbdSLc2UG\"><em>https:\/\/maps.app.goo.gl\/<wbr \/>3J7wqGK6rmPhHQu58<\/em><\/a><\/div><div>Desde ya, muchas gracias y los esperamos.<\/div><div>Saludos en Cristo.<\/div><div>Pbro. El\u00edas Duff<\/div><div>Delegado<\/div><div>Pastoral Juvenil Diocesana<\/div><div>\u00a0<\/div><div>\u00a0<\/div>\t\t\t\t\t\t\t\t<\/div>\n\t\t\t\t<\/div>\n\t\t\t\t\t<\/div>\n\t\t<\/div>\n\t\t\t\t\t<\/div>\n\t\t<\/section>\n\t\t\t\t<\/div>\n\t\t<!-- AddThis Advanced Settings generic via filter on the_content --><!-- AddThis Share Buttons generic via filter on the_content -->","protected":false},"excerpt":{"rendered":"<p>Estimados hermanos:El pr\u00f3ximo fin de semana del 29\/9, 30\/9 y 1\/10 se realizar\u00e1 la XVII Misi\u00f3n Juvenil Diocesana.En esta ocasi\u00f3n la Parroquia anfitriona ser\u00e1 San [&hellip;]<!-- AddThis Advanced Settings generic via filter on get_the_excerpt --><!-- AddThis Share Buttons generic via filter on get_the_excerpt --><\/p>\n","protected":false},"author":2,"featured_media":18159,"comment_status":"open","ping_status":"open","sticky":true,"template":"","format":"standard","meta":{"footnotes":""},"categories":[177],"tags":[],"class_list":["post-18155","post","type-post","status-publish","format-standard","has-post-thumbnail","hentry","category-diocesanas"],"_links":{"self":[{"href":"https:\/\/obispadodezaratecampana.org\/index.php?rest_route=\/wp\/v2\/posts\/18155","targetHints":{"allow":["GET"]}}],"collection":[{"href":"https:\/\/obispadodezaratecampana.org\/index.php?rest_route=\/wp\/v2\/posts"}],"about":[{"href":"https:\/\/obispadodezaratecampana.org\/index.php?rest_route=\/wp\/v2\/types\/post"}],"author":[{"embeddable":true,"href":"https:\/\/obispadodezaratecampana.org\/index.php?rest_route=\/wp\/v2\/users\/2"}],"replies":[{"embeddable":true,"href":"https:\/\/obispadodezaratecampana.org\/index.php?rest_route=%2Fwp%2Fv2%2Fcomments&post=18155"}],"version-history":[{"count":12,"href":"https:\/\/obispadodezaratecampana.org\/index.php?rest_route=\/wp\/v2\/posts\/18155\/revisions"}],"predecessor-version":[{"id":18170,"href":"https:\/\/obispadodezaratecampana.org\/index.php?rest_route=\/wp\/v2\/posts\/18155\/revisions\/18170"}],"wp:featuredmedia":[{"embeddable":true,"href":"https:\/\/obispadodezaratecampana.org\/index.php?rest_route=\/wp\/v2\/media\/18159"}],"wp:attachment":[{"href":"https:\/\/obispadodezaratecampana.org\/index.php?rest_route=%2Fwp%2Fv2%2Fmedia&parent=18155"}],"wp:term":[{"taxonomy":"category","embeddable":true,"href":"https:\/\/obispadodezaratecampana.org\/index.php?rest_route=%2Fwp%2Fv2%2Fcategories&post=18155"},{"taxonomy":"post_tag","embeddable":true,"href":"https:\/\/obispadodezaratecampana.org\/index.php?rest_route=%2Fwp%2Fv2%2Ftags&post=18155"}],"curies":[{"name":"wp","href":"https:\/\/api.w.org\/{rel}","templated":true}]}}