{"id":18125,"date":"2023-09-24T18:52:36","date_gmt":"2023-09-24T21:52:36","guid":{"rendered":"http:\/\/obispadodezaratecampana.org\/?p=18125"},"modified":"2023-09-24T20:16:22","modified_gmt":"2023-09-24T23:16:22","slug":"zoom-18-hs-martes-19-septiembre-tiempo-de-la-creacion-que-la-justicia-y-la-paz-fluyan","status":"publish","type":"post","link":"https:\/\/obispadodezaratecampana.org\/?p=18125","title":{"rendered":"\u00a1Est\u00e1s a tiempo! Inscribite y particip\u00e1 de la Misi\u00f3n Juvenil Diocesana 2023"},"content":{"rendered":"\t\t<div data-elementor-type=\"wp-post\" data-elementor-id=\"18125\" class=\"elementor elementor-18125\">\n\t\t\t\t\t\t<section class=\"elementor-section elementor-top-section elementor-element elementor-element-25d8b96c elementor-section-boxed elementor-section-height-default elementor-section-height-default\" data-id=\"25d8b96c\" data-element_type=\"section\" data-e-type=\"section\">\n\t\t\t\t\t\t<div class=\"elementor-container elementor-column-gap-default\">\n\t\t\t\t\t<div class=\"elementor-column elementor-col-100 elementor-top-column elementor-element elementor-element-480b283c\" data-id=\"480b283c\" data-element_type=\"column\" data-e-type=\"column\">\n\t\t\t<div class=\"elementor-widget-wrap elementor-element-populated\">\n\t\t\t\t\t\t<div class=\"elementor-element elementor-element-32b12cda elementor-widget elementor-widget-text-editor\" data-id=\"32b12cda\" data-element_type=\"widget\" data-e-type=\"widget\" data-widget_type=\"text-editor.default\">\n\t\t\t\t<div class=\"elementor-widget-container\">\n\t\t\t\t\t\t\t\t\t<p><strong>XVII Misi\u00f3n Juvenil Diocesana 2023: desde el 29 de septiembre al 1 de octubre<\/strong><\/p><p><em><a href=\"https:\/\/docs.google.com\/forms\/d\/e\/1FAIpQLSe21mWQsKs-u4vez1EFbLtFJqSc_6pA0DiPZiIIVEWHs_w5Wg\/viewform\" target=\"_blank\" rel=\"noopener\">Click aqu\u00ed para inscribirte Misi\u00f3n Juvenil Diocesana ZC 2023<\/a><\/em><\/p><p><strong>Adem\u00e1s &#8230; un video con toda la info para inscribirte&#8230;, encontralo tambi\u00e9n en Instagram @pastoraljuvenilzc<\/strong><\/p><p><div style=\"width: 800px;\" class=\"wp-video\"><video class=\"wp-video-shortcode\" id=\"video-18125-1\" width=\"800\" height=\"800\" preload=\"metadata\" controls=\"controls\"><source type=\"video\/mp4\" src=\"http:\/\/obispadodezaratecampana.org\/wp-content\/uploads\/2023\/09\/IGDownloader.App_3189800781803688098.mp4?_=1\" \/><a href=\"http:\/\/obispadodezaratecampana.org\/wp-content\/uploads\/2023\/09\/IGDownloader.App_3189800781803688098.mp4\">http:\/\/obispadodezaratecampana.org\/wp-content\/uploads\/2023\/09\/IGDownloader.App_3189800781803688098.mp4<\/a><\/video><\/div><\/p><p>\u00a0<\/p>\t\t\t\t\t\t\t\t<\/div>\n\t\t\t\t<\/div>\n\t\t\t\t\t<\/div>\n\t\t<\/div>\n\t\t\t\t\t<\/div>\n\t\t<\/section>\n\t\t\t\t<\/div>\n\t\t<!-- AddThis Advanced Settings generic via filter on the_content --><!-- AddThis Share Buttons generic via filter on the_content -->","protected":false},"excerpt":{"rendered":"<p>XVII Misi\u00f3n Juvenil Diocesana 2023: desde el 29 de septiembre al 1 de octubre Click aqu\u00ed para inscribirte Misi\u00f3n Juvenil Diocesana ZC 2023 Adem\u00e1s &#8230; [&hellip;]<!-- AddThis Advanced Settings generic via filter on get_the_excerpt --><!-- AddThis Share Buttons generic via filter on get_the_excerpt --><\/p>\n","protected":false},"author":2,"featured_media":18128,"comment_status":"open","ping_status":"open","sticky":true,"template":"","format":"standard","meta":{"footnotes":""},"categories":[177],"tags":[],"class_list":["post-18125","post","type-post","status-publish","format-standard","has-post-thumbnail","hentry","category-diocesanas"],"_links":{"self":[{"href":"https:\/\/obispadodezaratecampana.org\/index.php?rest_route=\/wp\/v2\/posts\/18125","targetHints":{"allow":["GET"]}}],"collection":[{"href":"https:\/\/obispadodezaratecampana.org\/index.php?rest_route=\/wp\/v2\/posts"}],"about":[{"href":"https:\/\/obispadodezaratecampana.org\/index.php?rest_route=\/wp\/v2\/types\/post"}],"author":[{"embeddable":true,"href":"https:\/\/obispadodezaratecampana.org\/index.php?rest_route=\/wp\/v2\/users\/2"}],"replies":[{"embeddable":true,"href":"https:\/\/obispadodezaratecampana.org\/index.php?rest_route=%2Fwp%2Fv2%2Fcomments&post=18125"}],"version-history":[{"count":25,"href":"https:\/\/obispadodezaratecampana.org\/index.php?rest_route=\/wp\/v2\/posts\/18125\/revisions"}],"predecessor-version":[{"id":18166,"href":"https:\/\/obispadodezaratecampana.org\/index.php?rest_route=\/wp\/v2\/posts\/18125\/revisions\/18166"}],"wp:featuredmedia":[{"embeddable":true,"href":"https:\/\/obispadodezaratecampana.org\/index.php?rest_route=\/wp\/v2\/media\/18128"}],"wp:attachment":[{"href":"https:\/\/obispadodezaratecampana.org\/index.php?rest_route=%2Fwp%2Fv2%2Fmedia&parent=18125"}],"wp:term":[{"taxonomy":"category","embeddable":true,"href":"https:\/\/obispadodezaratecampana.org\/index.php?rest_route=%2Fwp%2Fv2%2Fcategories&post=18125"},{"taxonomy":"post_tag","embeddable":true,"href":"https:\/\/obispadodezaratecampana.org\/index.php?rest_route=%2Fwp%2Fv2%2Ftags&post=18125"}],"curies":[{"name":"wp","href":"https:\/\/api.w.org\/{rel}","templated":true}]}}