{"id":18110,"date":"2023-09-19T11:58:09","date_gmt":"2023-09-19T14:58:09","guid":{"rendered":"http:\/\/obispadodezaratecampana.org\/?p=18110"},"modified":"2023-09-19T14:53:42","modified_gmt":"2023-09-19T17:53:42","slug":"alpha-propuesta-de-capacitacion","status":"publish","type":"post","link":"https:\/\/obispadodezaratecampana.org\/?p=18110","title":{"rendered":"Zoom 18 hs, Martes 19 septiembre: Tiempo de la Creaci\u00f3n \u00a1Que la Justicia y la Paz fluyan!"},"content":{"rendered":"\t\t<div data-elementor-type=\"wp-post\" data-elementor-id=\"18110\" class=\"elementor elementor-18110\">\n\t\t\t\t\t\t<section class=\"elementor-section elementor-top-section elementor-element elementor-element-25d8b96c elementor-section-boxed elementor-section-height-default elementor-section-height-default\" data-id=\"25d8b96c\" data-element_type=\"section\" data-e-type=\"section\">\n\t\t\t\t\t\t<div class=\"elementor-container elementor-column-gap-default\">\n\t\t\t\t\t<div class=\"elementor-column elementor-col-100 elementor-top-column elementor-element elementor-element-480b283c\" data-id=\"480b283c\" data-element_type=\"column\" data-e-type=\"column\">\n\t\t\t<div class=\"elementor-widget-wrap elementor-element-populated\">\n\t\t\t\t\t\t<div class=\"elementor-element elementor-element-32b12cda elementor-widget elementor-widget-text-editor\" data-id=\"32b12cda\" data-element_type=\"widget\" data-e-type=\"widget\" data-widget_type=\"text-editor.default\">\n\t\t\t\t<div class=\"elementor-widget-container\">\n\t\t\t\t\t\t\t\t\t<p><strong>TIEMPO DE LA CREACI\u00d3N \u00a1QUE LA JUSTICIA Y LA PAZ FLUYAN!<\/strong> <br \/><em>La transici\u00f3n hacia una generaci\u00f3n de energ\u00eda sustentable y distribuida.<\/em><\/p><p><br \/>Martes 19 de septiembre 18 hs de Argentina<br \/>Enlace de Zoom:<br \/><a href=\"https:\/\/us06web.zoom.us\/j\/82285938859\">https:\/\/us06web.zoom.us\/j\/82285938859<\/a><br \/>ID: 822 8593 8859<\/p><p><strong>Exponen<\/strong><\/p><p>FRACKING: <br \/>Silvia Alonso Coordinadora del Movimiento Laudato Si&#8217; Argentina, miembro de la Red Argentina Ambiente y Desarrollo y de la Fundaci\u00f3n Di\u00e1logo entre la Ciencia y la Religi\u00f3n.<br \/>BIOGAS: <br \/>Ulises Tomassi Secretario de Gobierno de Cerrito (Entre R\u00edos, Argentina) <br \/>Horacio Enriquez Director Ejecutivo de la Fundaci\u00f3n Eco Urbano.<\/p><p>LA TRANSICI\u00d3N HACIA UNA GENERACI\u00d3N DE ENERG\u00cdA SUSTENTABLE Y DISTRIBUIDA: <br \/>Pablo Bertinat ingeniero, magister en Sistemas Ambientales Humanos, Profesor de Fuentes No Convencionales de Energ\u00eda (UTN).<\/p><p>Modera: Mariana Roel ingeniera ambiental, coordinadora del equipo de Desarrollo Sustentable de la Comisi\u00f3n Nacional de Justicia y Paz.<\/p><p>Invitan<br \/>Comisi\u00f3n Nacional de Justicia y Paz de Argentina, Comisi\u00f3n de Justicia y Paz de Chile, Comisi\u00f3n de Justicia Paz e Integridad de la Creaci\u00f3n de Bolivia, Movimiento Laudato S\u00ed, Movimiento Cuidadores de la Casa Com\u00fan, Comisi\u00f3n Episcopal de Pastoral Social, CARITAS, Red Eclesial del Gran Chaco y el Acu\u00edfero Guaran\u00ed, Secretariado de Laicos de la CEA, Acci\u00f3n Cat\u00f3lica Argentina, J\u00f3venes Dirigentes de la Pastoral Social, Centro Latinoamericano de Evangelizaci\u00f3n Social CLAdeES, La Alameda.<\/p>\t\t\t\t\t\t\t\t<\/div>\n\t\t\t\t<\/div>\n\t\t\t\t\t<\/div>\n\t\t<\/div>\n\t\t\t\t\t<\/div>\n\t\t<\/section>\n\t\t\t\t<\/div>\n\t\t<!-- AddThis Advanced Settings generic via filter on the_content --><!-- AddThis Share Buttons generic via filter on the_content -->","protected":false},"excerpt":{"rendered":"<p>TIEMPO DE LA CREACI\u00d3N \u00a1QUE LA JUSTICIA Y LA PAZ FLUYAN! La transici\u00f3n hacia una generaci\u00f3n de energ\u00eda sustentable y distribuida. Martes 19 de septiembre [&hellip;]<!-- AddThis Advanced Settings generic via filter on get_the_excerpt --><!-- AddThis Share Buttons generic via filter on get_the_excerpt --><\/p>\n","protected":false},"author":2,"featured_media":18113,"comment_status":"open","ping_status":"open","sticky":true,"template":"","format":"standard","meta":{"footnotes":""},"categories":[5,4],"tags":[],"class_list":["post-18110","post","type-post","status-publish","format-standard","has-post-thumbnail","hentry","category-generales","category-movimientosinstituciones"],"_links":{"self":[{"href":"https:\/\/obispadodezaratecampana.org\/index.php?rest_route=\/wp\/v2\/posts\/18110","targetHints":{"allow":["GET"]}}],"collection":[{"href":"https:\/\/obispadodezaratecampana.org\/index.php?rest_route=\/wp\/v2\/posts"}],"about":[{"href":"https:\/\/obispadodezaratecampana.org\/index.php?rest_route=\/wp\/v2\/types\/post"}],"author":[{"embeddable":true,"href":"https:\/\/obispadodezaratecampana.org\/index.php?rest_route=\/wp\/v2\/users\/2"}],"replies":[{"embeddable":true,"href":"https:\/\/obispadodezaratecampana.org\/index.php?rest_route=%2Fwp%2Fv2%2Fcomments&post=18110"}],"version-history":[{"count":12,"href":"https:\/\/obispadodezaratecampana.org\/index.php?rest_route=\/wp\/v2\/posts\/18110\/revisions"}],"predecessor-version":[{"id":18124,"href":"https:\/\/obispadodezaratecampana.org\/index.php?rest_route=\/wp\/v2\/posts\/18110\/revisions\/18124"}],"wp:featuredmedia":[{"embeddable":true,"href":"https:\/\/obispadodezaratecampana.org\/index.php?rest_route=\/wp\/v2\/media\/18113"}],"wp:attachment":[{"href":"https:\/\/obispadodezaratecampana.org\/index.php?rest_route=%2Fwp%2Fv2%2Fmedia&parent=18110"}],"wp:term":[{"taxonomy":"category","embeddable":true,"href":"https:\/\/obispadodezaratecampana.org\/index.php?rest_route=%2Fwp%2Fv2%2Fcategories&post=18110"},{"taxonomy":"post_tag","embeddable":true,"href":"https:\/\/obispadodezaratecampana.org\/index.php?rest_route=%2Fwp%2Fv2%2Ftags&post=18110"}],"curies":[{"name":"wp","href":"https:\/\/api.w.org\/{rel}","templated":true}]}}