{"id":18072,"date":"2023-09-05T17:54:25","date_gmt":"2023-09-05T20:54:25","guid":{"rendered":"http:\/\/obispadodezaratecampana.org\/?p=18072"},"modified":"2023-09-05T18:39:53","modified_gmt":"2023-09-05T21:39:53","slug":"encuentro-nacional-de-sacerdotes-en-villa-cura-brochero-cordoba","status":"publish","type":"post","link":"https:\/\/obispadodezaratecampana.org\/?p=18072","title":{"rendered":"Alpha: propuesta de capacitaci\u00f3n"},"content":{"rendered":"\t\t<div data-elementor-type=\"wp-post\" data-elementor-id=\"18072\" class=\"elementor elementor-18072\">\n\t\t\t\t\t\t<section class=\"elementor-section elementor-top-section elementor-element elementor-element-25d8b96c elementor-section-boxed elementor-section-height-default elementor-section-height-default\" data-id=\"25d8b96c\" data-element_type=\"section\" data-e-type=\"section\">\n\t\t\t\t\t\t<div class=\"elementor-container elementor-column-gap-default\">\n\t\t\t\t\t<div class=\"elementor-column elementor-col-100 elementor-top-column elementor-element elementor-element-480b283c\" data-id=\"480b283c\" data-element_type=\"column\" data-e-type=\"column\">\n\t\t\t<div class=\"elementor-widget-wrap elementor-element-populated\">\n\t\t\t\t\t\t<div class=\"elementor-element elementor-element-32b12cda elementor-widget elementor-widget-text-editor\" data-id=\"32b12cda\" data-element_type=\"widget\" data-e-type=\"widget\" data-widget_type=\"text-editor.default\">\n\t\t\t\t<div class=\"elementor-widget-container\">\n\t\t\t\t\t\t\t\t\t<p>Nos acercamos desde la Oficina de Alpha Argentian para reiterar la invitaci\u00f3n que hicimos el s\u00e1bado pasado en el ENDICA.<\/p><p>Inscripci\u00f3n: <strong><a href=\"https:\/\/pruebaalpha.org\/entr-arg-05-08-3\/\">https:\/\/pruebaalpha.org\/entr-arg-05-08-3\/<\/a><\/strong><\/p><p>Agradecemos a los que se pudieron inscribir y est\u00e1n interesados en participar de esta reuni\u00f3n virtual pautada para el pr\u00f3ximo 05\/09 te solicitamos y animamos a que compartas en tu grupo de pastoral de catequesis para que otros catequistas puedan sumarse a conocer nuestra herramienta kerygmatica que es la serie Alpha y Alpha Ados como tambi\u00e9n poder interiorizarte sobre la generaci\u00f3n Z y las caracter\u00edsticas de una generaci\u00f3n m\u00e1s abierta.<\/p><p>Te dejamos el Link de inscripci\u00f3n o el flyer donde podr\u00e1n escanear el Qr y registrarte.<\/p><p>Desde ya muchas gracias por tu colaboraci\u00f3n y rezamos para que m\u00e1s generaciones conozcan la Buena Nueva de Cristo y comienzan su camino discipular!<\/p>\t\t\t\t\t\t\t\t<\/div>\n\t\t\t\t<\/div>\n\t\t\t\t\t<\/div>\n\t\t<\/div>\n\t\t\t\t\t<\/div>\n\t\t<\/section>\n\t\t\t\t<\/div>\n\t\t<!-- AddThis Advanced Settings generic via filter on the_content --><!-- AddThis Share Buttons generic via filter on the_content -->","protected":false},"excerpt":{"rendered":"<p>Nos acercamos desde la Oficina de Alpha Argentian para reiterar la invitaci\u00f3n que hicimos el s\u00e1bado pasado en el ENDICA. Inscripci\u00f3n: https:\/\/pruebaalpha.org\/entr-arg-05-08-3\/ Agradecemos a los [&hellip;]<!-- AddThis Advanced Settings generic via filter on get_the_excerpt --><!-- AddThis Share Buttons generic via filter on get_the_excerpt --><\/p>\n","protected":false},"author":2,"featured_media":18075,"comment_status":"open","ping_status":"open","sticky":true,"template":"","format":"standard","meta":{"footnotes":""},"categories":[177,5],"tags":[],"class_list":["post-18072","post","type-post","status-publish","format-standard","has-post-thumbnail","hentry","category-diocesanas","category-generales"],"_links":{"self":[{"href":"https:\/\/obispadodezaratecampana.org\/index.php?rest_route=\/wp\/v2\/posts\/18072","targetHints":{"allow":["GET"]}}],"collection":[{"href":"https:\/\/obispadodezaratecampana.org\/index.php?rest_route=\/wp\/v2\/posts"}],"about":[{"href":"https:\/\/obispadodezaratecampana.org\/index.php?rest_route=\/wp\/v2\/types\/post"}],"author":[{"embeddable":true,"href":"https:\/\/obispadodezaratecampana.org\/index.php?rest_route=\/wp\/v2\/users\/2"}],"replies":[{"embeddable":true,"href":"https:\/\/obispadodezaratecampana.org\/index.php?rest_route=%2Fwp%2Fv2%2Fcomments&post=18072"}],"version-history":[{"count":10,"href":"https:\/\/obispadodezaratecampana.org\/index.php?rest_route=\/wp\/v2\/posts\/18072\/revisions"}],"predecessor-version":[{"id":18084,"href":"https:\/\/obispadodezaratecampana.org\/index.php?rest_route=\/wp\/v2\/posts\/18072\/revisions\/18084"}],"wp:featuredmedia":[{"embeddable":true,"href":"https:\/\/obispadodezaratecampana.org\/index.php?rest_route=\/wp\/v2\/media\/18075"}],"wp:attachment":[{"href":"https:\/\/obispadodezaratecampana.org\/index.php?rest_route=%2Fwp%2Fv2%2Fmedia&parent=18072"}],"wp:term":[{"taxonomy":"category","embeddable":true,"href":"https:\/\/obispadodezaratecampana.org\/index.php?rest_route=%2Fwp%2Fv2%2Fcategories&post=18072"},{"taxonomy":"post_tag","embeddable":true,"href":"https:\/\/obispadodezaratecampana.org\/index.php?rest_route=%2Fwp%2Fv2%2Ftags&post=18072"}],"curies":[{"name":"wp","href":"https:\/\/api.w.org\/{rel}","templated":true}]}}