{"id":17872,"date":"2023-09-01T19:41:03","date_gmt":"2023-09-01T22:41:03","guid":{"rendered":"http:\/\/obispadodezaratecampana.org\/?p=17872"},"modified":"2023-09-01T20:12:45","modified_gmt":"2023-09-01T23:12:45","slug":"que-es-gravida-2","status":"publish","type":"post","link":"https:\/\/obispadodezaratecampana.org\/?p=17872","title":{"rendered":"Formaci\u00f3n permanente para secretarias\/os parroquiales y otros agentes de pastoral"},"content":{"rendered":"\t\t<div data-elementor-type=\"wp-post\" data-elementor-id=\"17872\" class=\"elementor elementor-17872\">\n\t\t\t\t\t\t<section class=\"elementor-section elementor-top-section elementor-element elementor-element-25d8b96c elementor-section-boxed elementor-section-height-default elementor-section-height-default\" data-id=\"25d8b96c\" data-element_type=\"section\" data-e-type=\"section\">\n\t\t\t\t\t\t<div class=\"elementor-container elementor-column-gap-default\">\n\t\t\t\t\t<div class=\"elementor-column elementor-col-100 elementor-top-column elementor-element elementor-element-480b283c\" data-id=\"480b283c\" data-element_type=\"column\" data-e-type=\"column\">\n\t\t\t<div class=\"elementor-widget-wrap elementor-element-populated\">\n\t\t\t\t\t\t<div class=\"elementor-element elementor-element-32b12cda elementor-widget elementor-widget-text-editor\" data-id=\"32b12cda\" data-element_type=\"widget\" data-e-type=\"widget\" data-widget_type=\"text-editor.default\">\n\t\t\t\t<div class=\"elementor-widget-container\">\n\t\t\t\t\t\t\t\t\t<p><strong>Formaci\u00f3n permanente para secretarias\/os parroquias y otros agentes de pastoral<\/strong><\/p>\n<p>La Facultad de Derecho Can\u00f3nico de la Universidad Cat\u00f3lica Argentina (UCA) y la Sociedad Argentina de Derecho Can\u00f3nico (Sadec) ofrecer\u00e1n durante septiembre cuatro cursos de extensi\u00f3n, en el marco de su programa de formaci\u00f3n permanente para secretarias\/os parroquiales y otros agentes de pastoral.<\/p>\n<p>Ser\u00e1n cuatro encuentros que se dictar\u00e1n los jueves, de 15.30 a 17, entre el 7 y el 28 de septiembre.<\/p>\n<p>Los temas y expositores ser\u00e1n:<\/p>\n<p>\u201cEl S\u00ednodo y la sinodalidad en la Iglesia\u201d, por el presb\u00edtero doctor Ariel Busso;<\/p>\n<p>\u201cLa organizaci\u00f3n de los consejos parroquiales y su relaci\u00f3n con las estructuras diocesanas\u201d, por el presb\u00edtero doctor Mauricio Landra;<\/p>\n<p>\u201cAsociaci\u00f3n de fieles, vida consagrada y su participaci\u00f3n en las estructuras parroquiales\u201d, por el presb\u00edtero doctor Ricardo Daniel Medina OAR;<\/p>\n<p>\u201cEl ejercicio sinodal del ministerio parroquial\u201d, por el presb\u00edtero doctor Alejandro G. Russo.<\/p>\n<p>Informes e inscripci\u00f3n por correo electr\u00f3nico: canonico@uca.edu.ar.+<\/p>\n<p>Fuente: AICA<\/p>\n<p><a href=\"http:\/\/obispadodezaratecampana.org\/wp-content\/uploads\/2023\/09\/Formacion-Permamente.jpeg\"><img fetchpriority=\"high\" decoding=\"async\" class=\"aligncenter wp-image-17890\" src=\"http:\/\/obispadodezaratecampana.org\/wp-content\/uploads\/2023\/09\/Formacion-Permamente-213x300.jpeg\" alt=\"\" width=\"245\" height=\"345\" srcset=\"https:\/\/obispadodezaratecampana.org\/wp-content\/uploads\/2023\/09\/Formacion-Permamente-213x300.jpeg 213w, https:\/\/obispadodezaratecampana.org\/wp-content\/uploads\/2023\/09\/Formacion-Permamente.jpeg 727w\" sizes=\"(max-width: 245px) 100vw, 245px\" \/><\/a><\/p>\n<p>\u00a0<\/p>\t\t\t\t\t\t\t\t<\/div>\n\t\t\t\t<\/div>\n\t\t\t\t\t<\/div>\n\t\t<\/div>\n\t\t\t\t\t<\/div>\n\t\t<\/section>\n\t\t\t\t<\/div>\n\t\t<!-- AddThis Advanced Settings generic via filter on the_content --><!-- AddThis Share Buttons generic via filter on the_content -->","protected":false},"excerpt":{"rendered":"<p>Formaci\u00f3n permanente para secretarias\/os parroquias y otros agentes de pastoral La Facultad de Derecho Can\u00f3nico de la Universidad Cat\u00f3lica Argentina (UCA) y la Sociedad Argentina [&hellip;]<!-- AddThis Advanced Settings generic via filter on get_the_excerpt --><!-- AddThis Share Buttons generic via filter on get_the_excerpt --><\/p>\n","protected":false},"author":2,"featured_media":17890,"comment_status":"open","ping_status":"open","sticky":true,"template":"","format":"standard","meta":{"footnotes":""},"categories":[5],"tags":[],"class_list":["post-17872","post","type-post","status-publish","format-standard","has-post-thumbnail","hentry","category-generales"],"_links":{"self":[{"href":"https:\/\/obispadodezaratecampana.org\/index.php?rest_route=\/wp\/v2\/posts\/17872","targetHints":{"allow":["GET"]}}],"collection":[{"href":"https:\/\/obispadodezaratecampana.org\/index.php?rest_route=\/wp\/v2\/posts"}],"about":[{"href":"https:\/\/obispadodezaratecampana.org\/index.php?rest_route=\/wp\/v2\/types\/post"}],"author":[{"embeddable":true,"href":"https:\/\/obispadodezaratecampana.org\/index.php?rest_route=\/wp\/v2\/users\/2"}],"replies":[{"embeddable":true,"href":"https:\/\/obispadodezaratecampana.org\/index.php?rest_route=%2Fwp%2Fv2%2Fcomments&post=17872"}],"version-history":[{"count":18,"href":"https:\/\/obispadodezaratecampana.org\/index.php?rest_route=\/wp\/v2\/posts\/17872\/revisions"}],"predecessor-version":[{"id":17903,"href":"https:\/\/obispadodezaratecampana.org\/index.php?rest_route=\/wp\/v2\/posts\/17872\/revisions\/17903"}],"wp:featuredmedia":[{"embeddable":true,"href":"https:\/\/obispadodezaratecampana.org\/index.php?rest_route=\/wp\/v2\/media\/17890"}],"wp:attachment":[{"href":"https:\/\/obispadodezaratecampana.org\/index.php?rest_route=%2Fwp%2Fv2%2Fmedia&parent=17872"}],"wp:term":[{"taxonomy":"category","embeddable":true,"href":"https:\/\/obispadodezaratecampana.org\/index.php?rest_route=%2Fwp%2Fv2%2Fcategories&post=17872"},{"taxonomy":"post_tag","embeddable":true,"href":"https:\/\/obispadodezaratecampana.org\/index.php?rest_route=%2Fwp%2Fv2%2Ftags&post=17872"}],"curies":[{"name":"wp","href":"https:\/\/api.w.org\/{rel}","templated":true}]}}