{"id":17837,"date":"2023-09-01T21:44:00","date_gmt":"2023-09-02T00:44:00","guid":{"rendered":"http:\/\/obispadodezaratecampana.org\/?p=17837"},"modified":"2023-09-01T21:46:22","modified_gmt":"2023-09-02T00:46:22","slug":"que-es-gravida","status":"publish","type":"post","link":"https:\/\/obispadodezaratecampana.org\/?p=17837","title":{"rendered":"\u00bfQu\u00e9 es Gr\u00e1vida?"},"content":{"rendered":"\t\t<div data-elementor-type=\"wp-post\" data-elementor-id=\"17837\" class=\"elementor elementor-17837\">\n\t\t\t\t\t\t<section class=\"elementor-section elementor-top-section elementor-element elementor-element-25d8b96c elementor-section-boxed elementor-section-height-default elementor-section-height-default\" data-id=\"25d8b96c\" data-element_type=\"section\" data-e-type=\"section\">\n\t\t\t\t\t\t<div class=\"elementor-container elementor-column-gap-default\">\n\t\t\t\t\t<div class=\"elementor-column elementor-col-100 elementor-top-column elementor-element elementor-element-480b283c\" data-id=\"480b283c\" data-element_type=\"column\" data-e-type=\"column\">\n\t\t\t<div class=\"elementor-widget-wrap elementor-element-populated\">\n\t\t\t\t\t\t<div class=\"elementor-element elementor-element-32b12cda elementor-widget elementor-widget-text-editor\" data-id=\"32b12cda\" data-element_type=\"widget\" data-e-type=\"widget\" data-widget_type=\"text-editor.default\">\n\t\t\t\t<div class=\"elementor-widget-container\">\n\t\t\t\t\t\t\t\t\t<p>El 31 de agosto celebraci\u00f3n de San Ram\u00f3n Nonato, nos han pedido y agradecen a todos difundir el servicio de Gr\u00e1vida.\u00a0<br \/>El contacto de nuestra Di\u00f3cesis de Z\u00e1rate-Campana:<br \/><strong>gravidaenescobar@gmail.com<\/strong><\/p><p><strong>\u00bfQu\u00e9 es Gr\u00e1vida?<\/strong><\/p><p>\u00a1Salir al encuentro!<\/p><p>Los voluntarios de Gr\u00e1vida salen al encuentro de las mujeres en situaci\u00f3n de vulnerabilidad: aquellas que son sorprendidas por un embarazo inesperado en un momento de dificultad, aquellas que viven su embarazo en situaci\u00f3n de riesgo o soledad, para sostenerlas en el cuidado integral de su vida y de la vida de sus beb\u00e9s nacidos y por nacer. <br \/>En esta din\u00e1mica de salida, encuentro y acompa\u00f1amiento, Gr\u00e1vida se propone reconciliar, fortalecer y estimular el v\u00ednculo mama-beb\u00e9 desde la panza as\u00ed como atender y ayudar a sanar las heridas que padecen los varones y las mujeres que han vivido p\u00e9rdidas naturales o abortos provocados. <br \/>Para ello, sus voluntarios se capacitan para acreditarse e integrarse activamente a su servicio, para luego recibir una capacitaci\u00f3n especializada como Consejeros del Programa de Sanaci\u00f3n Raquel.<br \/>Gr\u00e1vida tambi\u00e9n propicia espacios de encuentro y di\u00e1logo con adolescentes y j\u00f3venes para reflexionar acerca de las problem\u00e1ticas que se abordan desde la instituci\u00f3n y las opciones de ayuda que se ofrecen.<\/p><p><strong>\u00bfTe gustar\u00eda capacitarte?<\/strong><\/p><p>Se llevar\u00e1n a cabo Jornadas de Capacitaci\u00f3n para el Servicio a la Vida los pr\u00f3ximos 7 y 8 de octubre 2023, en la zona de AMBA.<\/p><p>Para informes por esta capacitaci\u00f3n comunicate con: <strong>jornadas2023lomas@gmail.com<\/strong><\/p><p><a href=\"http:\/\/obispadodezaratecampana.org\/wp-content\/uploads\/2023\/09\/WhatsApp-Image-2023-09-01-at-18.19.30-3.jpeg\"><img decoding=\"async\" class=\"aligncenter size-medium wp-image-17861\" src=\"http:\/\/obispadodezaratecampana.org\/wp-content\/uploads\/2023\/09\/WhatsApp-Image-2023-09-01-at-18.19.30-3-300x108.jpeg\" alt=\"\" width=\"300\" height=\"108\" srcset=\"https:\/\/obispadodezaratecampana.org\/wp-content\/uploads\/2023\/09\/WhatsApp-Image-2023-09-01-at-18.19.30-3-300x108.jpeg 300w, https:\/\/obispadodezaratecampana.org\/wp-content\/uploads\/2023\/09\/WhatsApp-Image-2023-09-01-at-18.19.30-3.jpeg 720w\" sizes=\"(max-width: 300px) 100vw, 300px\" \/><\/a><br \/>M\u00e1s detalles en:<br \/><strong><a href=\"https:\/\/gravida.org.ar\/servicio\/\">https:\/\/gravida.org.ar\/servicio\/<\/a><\/strong><\/p>\t\t\t\t\t\t\t\t<\/div>\n\t\t\t\t<\/div>\n\t\t\t\t\t<\/div>\n\t\t<\/div>\n\t\t\t\t\t<\/div>\n\t\t<\/section>\n\t\t\t\t<\/div>\n\t\t<!-- AddThis Advanced Settings generic via filter on the_content --><!-- AddThis Share Buttons generic via filter on the_content -->","protected":false},"excerpt":{"rendered":"<p>El 31 de agosto celebraci\u00f3n de San Ram\u00f3n Nonato, nos han pedido y agradecen a todos difundir el servicio de Gr\u00e1vida.&nbsp; El contacto de nuestra [&hellip;]<!-- AddThis Advanced Settings generic via filter on get_the_excerpt --><!-- AddThis Share Buttons generic via filter on get_the_excerpt --><\/p>\n","protected":false},"author":2,"featured_media":17838,"comment_status":"open","ping_status":"open","sticky":true,"template":"","format":"standard","meta":{"footnotes":""},"categories":[177,4],"tags":[],"class_list":["post-17837","post","type-post","status-publish","format-standard","has-post-thumbnail","hentry","category-diocesanas","category-movimientosinstituciones"],"_links":{"self":[{"href":"https:\/\/obispadodezaratecampana.org\/index.php?rest_route=\/wp\/v2\/posts\/17837","targetHints":{"allow":["GET"]}}],"collection":[{"href":"https:\/\/obispadodezaratecampana.org\/index.php?rest_route=\/wp\/v2\/posts"}],"about":[{"href":"https:\/\/obispadodezaratecampana.org\/index.php?rest_route=\/wp\/v2\/types\/post"}],"author":[{"embeddable":true,"href":"https:\/\/obispadodezaratecampana.org\/index.php?rest_route=\/wp\/v2\/users\/2"}],"replies":[{"embeddable":true,"href":"https:\/\/obispadodezaratecampana.org\/index.php?rest_route=%2Fwp%2Fv2%2Fcomments&post=17837"}],"version-history":[{"count":23,"href":"https:\/\/obispadodezaratecampana.org\/index.php?rest_route=\/wp\/v2\/posts\/17837\/revisions"}],"predecessor-version":[{"id":17950,"href":"https:\/\/obispadodezaratecampana.org\/index.php?rest_route=\/wp\/v2\/posts\/17837\/revisions\/17950"}],"wp:featuredmedia":[{"embeddable":true,"href":"https:\/\/obispadodezaratecampana.org\/index.php?rest_route=\/wp\/v2\/media\/17838"}],"wp:attachment":[{"href":"https:\/\/obispadodezaratecampana.org\/index.php?rest_route=%2Fwp%2Fv2%2Fmedia&parent=17837"}],"wp:term":[{"taxonomy":"category","embeddable":true,"href":"https:\/\/obispadodezaratecampana.org\/index.php?rest_route=%2Fwp%2Fv2%2Fcategories&post=17837"},{"taxonomy":"post_tag","embeddable":true,"href":"https:\/\/obispadodezaratecampana.org\/index.php?rest_route=%2Fwp%2Fv2%2Ftags&post=17837"}],"curies":[{"name":"wp","href":"https:\/\/api.w.org\/{rel}","templated":true}]}}