{"id":17828,"date":"2023-09-01T21:46:00","date_gmt":"2023-09-02T00:46:00","guid":{"rendered":"http:\/\/obispadodezaratecampana.org\/?p=17828"},"modified":"2023-09-01T21:46:59","modified_gmt":"2023-09-02T00:46:59","slug":"viernes-8-de-septiembre-misa-de-envio-servidores-y-colaboradores-peregrinacion-a-lujan","status":"publish","type":"post","link":"https:\/\/obispadodezaratecampana.org\/?p=17828","title":{"rendered":"Viernes 8 de septiembre: Misa de env\u00edo servidores y colaboradores Peregrinaci\u00f3n a Luj\u00e1n"},"content":{"rendered":"\t\t<div data-elementor-type=\"wp-post\" data-elementor-id=\"17828\" class=\"elementor elementor-17828\">\n\t\t\t\t\t\t<section class=\"elementor-section elementor-top-section elementor-element elementor-element-25d8b96c elementor-section-boxed elementor-section-height-default elementor-section-height-default\" data-id=\"25d8b96c\" data-element_type=\"section\" data-e-type=\"section\">\n\t\t\t\t\t\t<div class=\"elementor-container elementor-column-gap-default\">\n\t\t\t\t\t<div class=\"elementor-column elementor-col-100 elementor-top-column elementor-element elementor-element-480b283c\" data-id=\"480b283c\" data-element_type=\"column\" data-e-type=\"column\">\n\t\t\t<div class=\"elementor-widget-wrap elementor-element-populated\">\n\t\t\t\t\t\t<div class=\"elementor-element elementor-element-32b12cda elementor-widget elementor-widget-text-editor\" data-id=\"32b12cda\" data-element_type=\"widget\" data-e-type=\"widget\" data-widget_type=\"text-editor.default\">\n\t\t\t\t<div class=\"elementor-widget-container\">\n\t\t\t\t\t\t\t\t\t<p>Con inmensa alegr\u00eda festejaremos el pr\u00f3ximo 8 de septiembre la Natividad de la Virgen Mar\u00eda. <br \/>Adem\u00e1s, en este d\u00eda tan especial como es el cumplea\u00f1os de nuestra Madre, haremos el env\u00edo de todos los colaboradores y servidores que participar\u00e1n de la Peregrinaci\u00f3n Diocesana del pueblo de Dios a realizarse el 4 y 5 de noviembre bajo el lema \u201cComo Mar\u00eda: resplandecer, escuchar y no tener miedo\u201d.<br \/>La Santa Misa ser\u00e1 en la Parroquia Nuestra Se\u00f1ora del Pilar -Pilar- a las 19 hs y estar\u00e1 presidida por nuestro Obispo diocesano Monse\u00f1or Pedro Laxague. <br \/>Durante la celebraci\u00f3n estar\u00e1n presentes las im\u00e1genes cabeceras de las ciudades que conforman nuestra di\u00f3cesis.<br \/>\u00a1Est\u00e1n todos invitados a participar!<\/p><p><em>\u00a0 \u00a0 \u00a0 \u00a0 \u00a0 \u00a0 \u00a0 \u00a0 \u00a0 \u00a0 \u00a0 \u00a0 \u00a0 \u00a0 \u00a0 \u00a0 \u00a0 \u00a0 \u00a0 \u00a0 \u00a0 \u00a0 \u00a0 \u00a0 \u00a0 \u00a0 \u00a0 \u00a0 \u00a0 \u00a0En las redes: @perelujanzc<\/em><\/p><p><a href=\"http:\/\/obispadodezaratecampana.org\/wp-content\/uploads\/2023\/09\/Misa-envio-2.png\"><img fetchpriority=\"high\" decoding=\"async\" class=\"aligncenter wp-image-17823 size-full\" src=\"http:\/\/obispadodezaratecampana.org\/wp-content\/uploads\/2023\/09\/Misa-envio-2.png\" alt=\"Misa env\u00edo Peregrinaci\u00f3n 8 septiembre 2023\" width=\"1080\" height=\"1080\" \/><\/a><\/p>\t\t\t\t\t\t\t\t<\/div>\n\t\t\t\t<\/div>\n\t\t\t\t\t<\/div>\n\t\t<\/div>\n\t\t\t\t\t<\/div>\n\t\t<\/section>\n\t\t\t\t<\/div>\n\t\t<!-- AddThis Advanced Settings generic via filter on the_content --><!-- AddThis Share Buttons generic via filter on the_content -->","protected":false},"excerpt":{"rendered":"<p>Con inmensa alegr\u00eda festejaremos el pr\u00f3ximo 8 de septiembre la Natividad de la Virgen Mar\u00eda. Adem\u00e1s, en este d\u00eda tan especial como es el cumplea\u00f1os [&hellip;]<!-- AddThis Advanced Settings generic via filter on get_the_excerpt --><!-- AddThis Share Buttons generic via filter on get_the_excerpt --><\/p>\n","protected":false},"author":2,"featured_media":17823,"comment_status":"open","ping_status":"open","sticky":true,"template":"","format":"standard","meta":{"footnotes":""},"categories":[177],"tags":[],"class_list":["post-17828","post","type-post","status-publish","format-standard","has-post-thumbnail","hentry","category-diocesanas"],"_links":{"self":[{"href":"https:\/\/obispadodezaratecampana.org\/index.php?rest_route=\/wp\/v2\/posts\/17828","targetHints":{"allow":["GET"]}}],"collection":[{"href":"https:\/\/obispadodezaratecampana.org\/index.php?rest_route=\/wp\/v2\/posts"}],"about":[{"href":"https:\/\/obispadodezaratecampana.org\/index.php?rest_route=\/wp\/v2\/types\/post"}],"author":[{"embeddable":true,"href":"https:\/\/obispadodezaratecampana.org\/index.php?rest_route=\/wp\/v2\/users\/2"}],"replies":[{"embeddable":true,"href":"https:\/\/obispadodezaratecampana.org\/index.php?rest_route=%2Fwp%2Fv2%2Fcomments&post=17828"}],"version-history":[{"count":8,"href":"https:\/\/obispadodezaratecampana.org\/index.php?rest_route=\/wp\/v2\/posts\/17828\/revisions"}],"predecessor-version":[{"id":17836,"href":"https:\/\/obispadodezaratecampana.org\/index.php?rest_route=\/wp\/v2\/posts\/17828\/revisions\/17836"}],"wp:featuredmedia":[{"embeddable":true,"href":"https:\/\/obispadodezaratecampana.org\/index.php?rest_route=\/wp\/v2\/media\/17823"}],"wp:attachment":[{"href":"https:\/\/obispadodezaratecampana.org\/index.php?rest_route=%2Fwp%2Fv2%2Fmedia&parent=17828"}],"wp:term":[{"taxonomy":"category","embeddable":true,"href":"https:\/\/obispadodezaratecampana.org\/index.php?rest_route=%2Fwp%2Fv2%2Fcategories&post=17828"},{"taxonomy":"post_tag","embeddable":true,"href":"https:\/\/obispadodezaratecampana.org\/index.php?rest_route=%2Fwp%2Fv2%2Ftags&post=17828"}],"curies":[{"name":"wp","href":"https:\/\/api.w.org\/{rel}","templated":true}]}}