{"id":17804,"date":"2023-08-27T12:53:01","date_gmt":"2023-08-27T15:53:01","guid":{"rendered":"http:\/\/obispadodezaratecampana.org\/?p=17804"},"modified":"2023-08-27T14:08:02","modified_gmt":"2023-08-27T17:08:02","slug":"sabado-9-de-septiembre-encuentro-de-formacion-vocacion-y-mision-de-los-laicos","status":"publish","type":"post","link":"https:\/\/obispadodezaratecampana.org\/?p=17804","title":{"rendered":"&#8220;Con Mar\u00eda: resplandecer, escuchar y no tener miedo&#8221;. S\u00e1bado 4 de noviembre: Peregrinaci\u00f3n anual a pie a Luj\u00e1n"},"content":{"rendered":"\t\t<div data-elementor-type=\"wp-post\" data-elementor-id=\"17804\" class=\"elementor elementor-17804\">\n\t\t\t\t\t\t<section class=\"elementor-section elementor-top-section elementor-element elementor-element-25d8b96c elementor-section-boxed elementor-section-height-default elementor-section-height-default\" data-id=\"25d8b96c\" data-element_type=\"section\" data-e-type=\"section\">\n\t\t\t\t\t\t<div class=\"elementor-container elementor-column-gap-default\">\n\t\t\t\t\t<div class=\"elementor-column elementor-col-100 elementor-top-column elementor-element elementor-element-480b283c\" data-id=\"480b283c\" data-element_type=\"column\" data-e-type=\"column\">\n\t\t\t<div class=\"elementor-widget-wrap elementor-element-populated\">\n\t\t\t\t\t\t<div class=\"elementor-element elementor-element-32b12cda elementor-widget elementor-widget-text-editor\" data-id=\"32b12cda\" data-element_type=\"widget\" data-e-type=\"widget\" data-widget_type=\"text-editor.default\">\n\t\t\t\t<div class=\"elementor-widget-container\">\n\t\t\t\t\t\t\t\t\t<p><strong>\u201cComo Mar\u00eda: resplandecer, escuchar y no tener miedo.\u201d<\/strong><\/p><p>Este es el lema elegido para acompa\u00f1ar la 46\u00ba Peregrinaci\u00f3n del pueblo de Dios a pie a Luj\u00e1n de la Di\u00f3cesis Z\u00e1rate-Campana, que se llevar\u00e1 a cabo el s\u00e1bado 4 de noviembre.<br \/>La elecci\u00f3n del mismo, estuvo inspirada en las palabras que el Papa Francisco pronunci\u00f3 el domingo de la Transfiguraci\u00f3n del Se\u00f1or, durante la misa de cierre de la Jornada Mundial de la Juventud 2023 en Lisboa, Portugal. All\u00ed el Sumo Pont\u00edfice -ante un mill\u00f3n y medio de j\u00f3venes- destac\u00f3 en su Homil\u00eda tres ideas: resplandecer, escuchar y no tener miedo.<br \/>Francisco plante\u00f3 que \u201cbrillamos cuando, acogiendo a Jes\u00fas, aprendemos a amar como \u00c9l\u201d, que necesitamos escuchar qu\u00e9 nos dice en nuestros corazones \u201cporque \u00c9l tiene palabras de vida eterna\u201d, y pidi\u00f3 que imagin\u00e1ramos que es el propio Jes\u00fas quien nos dice a los ojos \u201cno tengan miedo\u201d, puesto que \u201c\u00c9l conoce el coraz\u00f3n de cada uno\u201d.<\/p><p><em>\u00a0 \u00a0 \u00a0 \u00a0 \u00a0 \u00a0 \u00a0 \u00a0 \u00a0 \u00a0 \u00a0 \u00a0 \u00a0 \u00a0 \u00a0 \u00a0 \u00a0 \u00a0 \u00a0 \u00a0 \u00a0 \u00a0 \u00a0 \u00a0 \u00a0 \u00a0 \u00a0 \u00a0 \u00a0 \u00a0En las redes: @perelujanzc<\/em><\/p><p><a href=\"http:\/\/obispadodezaratecampana.org\/wp-content\/uploads\/2023\/08\/24-agosto-2023-2.png\"><img fetchpriority=\"high\" decoding=\"async\" class=\"aligncenter size-medium wp-image-17813\" src=\"http:\/\/obispadodezaratecampana.org\/wp-content\/uploads\/2023\/08\/24-agosto-2023-2-300x300.png\" alt=\"\" width=\"300\" height=\"300\" srcset=\"https:\/\/obispadodezaratecampana.org\/wp-content\/uploads\/2023\/08\/24-agosto-2023-2-300x300.png 300w, https:\/\/obispadodezaratecampana.org\/wp-content\/uploads\/2023\/08\/24-agosto-2023-2-1024x1024.png 1024w, https:\/\/obispadodezaratecampana.org\/wp-content\/uploads\/2023\/08\/24-agosto-2023-2-150x150.png 150w, https:\/\/obispadodezaratecampana.org\/wp-content\/uploads\/2023\/08\/24-agosto-2023-2-768x768.png 768w, https:\/\/obispadodezaratecampana.org\/wp-content\/uploads\/2023\/08\/24-agosto-2023-2.png 1080w\" sizes=\"(max-width: 300px) 100vw, 300px\" \/><\/a><\/p>\t\t\t\t\t\t\t\t<\/div>\n\t\t\t\t<\/div>\n\t\t\t\t\t<\/div>\n\t\t<\/div>\n\t\t\t\t\t<\/div>\n\t\t<\/section>\n\t\t\t\t<\/div>\n\t\t<!-- AddThis Advanced Settings generic via filter on the_content --><!-- AddThis Share Buttons generic via filter on the_content -->","protected":false},"excerpt":{"rendered":"<p>\u201cComo Mar\u00eda: resplandecer, escuchar y no tener miedo.\u201d Este es el lema elegido para acompa\u00f1ar la 46\u00ba Peregrinaci\u00f3n del pueblo de Dios a pie a [&hellip;]<!-- AddThis Advanced Settings generic via filter on get_the_excerpt --><!-- AddThis Share Buttons generic via filter on get_the_excerpt --><\/p>\n","protected":false},"author":2,"featured_media":17807,"comment_status":"open","ping_status":"open","sticky":true,"template":"","format":"standard","meta":{"footnotes":""},"categories":[177],"tags":[],"class_list":["post-17804","post","type-post","status-publish","format-standard","has-post-thumbnail","hentry","category-diocesanas"],"_links":{"self":[{"href":"https:\/\/obispadodezaratecampana.org\/index.php?rest_route=\/wp\/v2\/posts\/17804","targetHints":{"allow":["GET"]}}],"collection":[{"href":"https:\/\/obispadodezaratecampana.org\/index.php?rest_route=\/wp\/v2\/posts"}],"about":[{"href":"https:\/\/obispadodezaratecampana.org\/index.php?rest_route=\/wp\/v2\/types\/post"}],"author":[{"embeddable":true,"href":"https:\/\/obispadodezaratecampana.org\/index.php?rest_route=\/wp\/v2\/users\/2"}],"replies":[{"embeddable":true,"href":"https:\/\/obispadodezaratecampana.org\/index.php?rest_route=%2Fwp%2Fv2%2Fcomments&post=17804"}],"version-history":[{"count":12,"href":"https:\/\/obispadodezaratecampana.org\/index.php?rest_route=\/wp\/v2\/posts\/17804\/revisions"}],"predecessor-version":[{"id":17821,"href":"https:\/\/obispadodezaratecampana.org\/index.php?rest_route=\/wp\/v2\/posts\/17804\/revisions\/17821"}],"wp:featuredmedia":[{"embeddable":true,"href":"https:\/\/obispadodezaratecampana.org\/index.php?rest_route=\/wp\/v2\/media\/17807"}],"wp:attachment":[{"href":"https:\/\/obispadodezaratecampana.org\/index.php?rest_route=%2Fwp%2Fv2%2Fmedia&parent=17804"}],"wp:term":[{"taxonomy":"category","embeddable":true,"href":"https:\/\/obispadodezaratecampana.org\/index.php?rest_route=%2Fwp%2Fv2%2Fcategories&post=17804"},{"taxonomy":"post_tag","embeddable":true,"href":"https:\/\/obispadodezaratecampana.org\/index.php?rest_route=%2Fwp%2Fv2%2Ftags&post=17804"}],"curies":[{"name":"wp","href":"https:\/\/api.w.org\/{rel}","templated":true}]}}