{"id":17631,"date":"2023-07-08T19:02:10","date_gmt":"2023-07-08T22:02:10","guid":{"rendered":"http:\/\/obispadodezaratecampana.org\/?p=17631"},"modified":"2023-07-08T19:15:02","modified_gmt":"2023-07-08T22:15:02","slug":"no-se-olviden-de-las-y-los-pobres-mensaje-curas-de-villas-y-barrios-populares-de-buenos-aires-y-gran-buenos-aires","status":"publish","type":"post","link":"https:\/\/obispadodezaratecampana.org\/?p=17631","title":{"rendered":"Del Dolor a la Gracia&#8230;Recuperando la dignidad despu\u00e9s del abuso"},"content":{"rendered":"\t\t<div data-elementor-type=\"wp-post\" data-elementor-id=\"17631\" class=\"elementor elementor-17631\">\n\t\t\t\t\t\t<section class=\"elementor-section elementor-top-section elementor-element elementor-element-25d8b96c elementor-section-boxed elementor-section-height-default elementor-section-height-default\" data-id=\"25d8b96c\" data-element_type=\"section\" data-e-type=\"section\">\n\t\t\t\t\t\t<div class=\"elementor-container elementor-column-gap-default\">\n\t\t\t\t\t<div class=\"elementor-column elementor-col-100 elementor-top-column elementor-element elementor-element-480b283c\" data-id=\"480b283c\" data-element_type=\"column\" data-e-type=\"column\">\n\t\t\t<div class=\"elementor-widget-wrap elementor-element-populated\">\n\t\t\t\t\t\t<div class=\"elementor-element elementor-element-32b12cda elementor-widget elementor-widget-text-editor\" data-id=\"32b12cda\" data-element_type=\"widget\" data-e-type=\"widget\" data-widget_type=\"text-editor.default\">\n\t\t\t\t<div class=\"elementor-widget-container\">\n\t\t\t\t\t\t\t\t\t<p><a href=\"http:\/\/obispadodezaratecampana.org\/wp-content\/uploads\/2023\/07\/WhatsApp-Image-2023-07-08-at-19.03.53-2.jpeg\"><img fetchpriority=\"high\" decoding=\"async\" class=\"aligncenter size-medium wp-image-17639\" src=\"http:\/\/obispadodezaratecampana.org\/wp-content\/uploads\/2023\/07\/WhatsApp-Image-2023-07-08-at-19.03.53-2-169x300.jpeg\" alt=\"\" width=\"169\" height=\"300\" srcset=\"https:\/\/obispadodezaratecampana.org\/wp-content\/uploads\/2023\/07\/WhatsApp-Image-2023-07-08-at-19.03.53-2-169x300.jpeg 169w, https:\/\/obispadodezaratecampana.org\/wp-content\/uploads\/2023\/07\/WhatsApp-Image-2023-07-08-at-19.03.53-2-576x1024.jpeg 576w, https:\/\/obispadodezaratecampana.org\/wp-content\/uploads\/2023\/07\/WhatsApp-Image-2023-07-08-at-19.03.53-2-768x1365.jpeg 768w, https:\/\/obispadodezaratecampana.org\/wp-content\/uploads\/2023\/07\/WhatsApp-Image-2023-07-08-at-19.03.53-2-864x1536.jpeg 864w, https:\/\/obispadodezaratecampana.org\/wp-content\/uploads\/2023\/07\/WhatsApp-Image-2023-07-08-at-19.03.53-2.jpeg 900w\" sizes=\"(max-width: 169px) 100vw, 169px\" \/><\/a><\/p>\n<p><strong>Quiero Sanar<\/strong>&#8230; Imperdible para conocer m\u00e1s y compartir estas propuestas las cuales cuentan con la aprobaci\u00f3n de la Conferencia Episcopal Argentina.<\/p>\n<p>Toda la informaci\u00f3n en la web: <strong><a href=\"https:\/\/quierosanar.com.ar\/\">https:\/\/quierosanar.com.ar\/<\/a><\/strong><\/p>\t\t\t\t\t\t\t\t<\/div>\n\t\t\t\t<\/div>\n\t\t\t\t\t<\/div>\n\t\t<\/div>\n\t\t\t\t\t<\/div>\n\t\t<\/section>\n\t\t\t\t<\/div>\n\t\t<!-- AddThis Advanced Settings generic via filter on the_content --><!-- AddThis Share Buttons generic via filter on the_content -->","protected":false},"excerpt":{"rendered":"<p>Quiero Sanar&#8230; Imperdible para conocer m\u00e1s y compartir estas propuestas las cuales cuentan con la aprobaci\u00f3n de la Conferencia Episcopal Argentina. Toda la informaci\u00f3n en [&hellip;]<!-- AddThis Advanced Settings generic via filter on get_the_excerpt --><!-- AddThis Share Buttons generic via filter on get_the_excerpt --><\/p>\n","protected":false},"author":2,"featured_media":17636,"comment_status":"open","ping_status":"open","sticky":true,"template":"","format":"standard","meta":{"footnotes":""},"categories":[5],"tags":[],"class_list":["post-17631","post","type-post","status-publish","format-standard","has-post-thumbnail","hentry","category-generales"],"_links":{"self":[{"href":"https:\/\/obispadodezaratecampana.org\/index.php?rest_route=\/wp\/v2\/posts\/17631","targetHints":{"allow":["GET"]}}],"collection":[{"href":"https:\/\/obispadodezaratecampana.org\/index.php?rest_route=\/wp\/v2\/posts"}],"about":[{"href":"https:\/\/obispadodezaratecampana.org\/index.php?rest_route=\/wp\/v2\/types\/post"}],"author":[{"embeddable":true,"href":"https:\/\/obispadodezaratecampana.org\/index.php?rest_route=\/wp\/v2\/users\/2"}],"replies":[{"embeddable":true,"href":"https:\/\/obispadodezaratecampana.org\/index.php?rest_route=%2Fwp%2Fv2%2Fcomments&post=17631"}],"version-history":[{"count":10,"href":"https:\/\/obispadodezaratecampana.org\/index.php?rest_route=\/wp\/v2\/posts\/17631\/revisions"}],"predecessor-version":[{"id":17646,"href":"https:\/\/obispadodezaratecampana.org\/index.php?rest_route=\/wp\/v2\/posts\/17631\/revisions\/17646"}],"wp:featuredmedia":[{"embeddable":true,"href":"https:\/\/obispadodezaratecampana.org\/index.php?rest_route=\/wp\/v2\/media\/17636"}],"wp:attachment":[{"href":"https:\/\/obispadodezaratecampana.org\/index.php?rest_route=%2Fwp%2Fv2%2Fmedia&parent=17631"}],"wp:term":[{"taxonomy":"category","embeddable":true,"href":"https:\/\/obispadodezaratecampana.org\/index.php?rest_route=%2Fwp%2Fv2%2Fcategories&post=17631"},{"taxonomy":"post_tag","embeddable":true,"href":"https:\/\/obispadodezaratecampana.org\/index.php?rest_route=%2Fwp%2Fv2%2Ftags&post=17631"}],"curies":[{"name":"wp","href":"https:\/\/api.w.org\/{rel}","templated":true}]}}