{"id":17618,"date":"2023-07-08T18:47:42","date_gmt":"2023-07-08T21:47:42","guid":{"rendered":"http:\/\/obispadodezaratecampana.org\/?p=17618"},"modified":"2023-07-08T19:00:06","modified_gmt":"2023-07-08T22:00:06","slug":"jueves-29-de-junio-fiesta-patronal-del-seminario-san-pedro-y-san-pablo-4","status":"publish","type":"post","link":"https:\/\/obispadodezaratecampana.org\/?p=17618","title":{"rendered":"&#8220;No se olviden de las y los pobres&#8221; Mensaje Curas de Villas y Barrios Populares de Buenos Aires y Gran Buenos Aires"},"content":{"rendered":"\t\t<div data-elementor-type=\"wp-post\" data-elementor-id=\"17618\" class=\"elementor elementor-17618\">\n\t\t\t\t\t\t<section class=\"elementor-section elementor-top-section elementor-element elementor-element-25d8b96c elementor-section-boxed elementor-section-height-default elementor-section-height-default\" data-id=\"25d8b96c\" data-element_type=\"section\" data-e-type=\"section\">\n\t\t\t\t\t\t<div class=\"elementor-container elementor-column-gap-default\">\n\t\t\t\t\t<div class=\"elementor-column elementor-col-100 elementor-top-column elementor-element elementor-element-480b283c\" data-id=\"480b283c\" data-element_type=\"column\" data-e-type=\"column\">\n\t\t\t<div class=\"elementor-widget-wrap elementor-element-populated\">\n\t\t\t\t\t\t<div class=\"elementor-element elementor-element-32b12cda elementor-widget elementor-widget-text-editor\" data-id=\"32b12cda\" data-element_type=\"widget\" data-e-type=\"widget\" data-widget_type=\"text-editor.default\">\n\t\t\t\t<div class=\"elementor-widget-container\">\n\t\t\t\t\t\t\t\t\t<p><strong>Mensaje del Equipo de Curas de villas y barrios populares de Buenos Aires y Gran Buenos Aires<\/strong><\/p><p>&#8220;No se olviden de las y los pobres&#8221;<\/p><p>Este a\u00f1o celebramos agradecidos los 40 a\u00f1os del retorno de la democracia, y volvemos a decir Nunca m\u00e1s a su interrupci\u00f3n, ello trajo mucho sufrimiento a nuestra Patria. Con la vuelta de la democracia se gener\u00f3 un vendaval de esperanza. La democracia pod\u00eda resolver los problemas concretos de la gente, se volver\u00eda a vivir con dignidad.<\/p><p>Cuatro d\u00e9cadas despu\u00e9s, constatamos que algunos de esos sue\u00f1os siguen pendientes y es oportuno recordarlos. Hoy vemos que la brecha con los \u00faltimos se agranda. Hay al menos 40% de pobres, la mitad de los trabajadores sin derechos, precariedad en el acceso a la vivienda. Hay barrios enteros donde sus vecinos resisten como pueden al narcotr\u00e1fico, que amenaza llevarse su tesoro m\u00e1s preciado, sus hijos e hijas adolescentes. Hay miles de personas viviendo en la calle, y sabemos bien que la calle no es un lugar para vivir. Se respira un ambiente de resignaci\u00f3n, de conformismo, como que esto es as\u00ed y no se puede cambiar, o tal vez lo que es peor a\u00fan, la aceptaci\u00f3n de la idea de que algunos nacieron con m\u00e1s derechos que otros.<\/p><p>El anuncio del Evangelio de Jes\u00fas, nos invita al compromiso por el otro y a apostar por la vida comunitaria. \u00a1C\u00f3mo olvidar la cercan\u00eda de Jes\u00fas con el ciego Bartimeo, un descartado al borde del camino de la vida: &#8220;\u00bfQu\u00e9 quer\u00e9s que haga por vos?&#8221; (Lc 18, 41)! \u00a1C\u00f3mo no dejarse interpelar por su exigencia con los ap\u00f3stoles delante de una multitud hambrienta: &#8220;denle ustedes de comer&#8221;(Mt 14, 16)! Ah\u00ed nos paramos, y desde all\u00ed afirmamos que los derechos humanos hoy son ineludiblemente derechos sociales. La democracia no debe dejar a nadie afuera, debe incorporar a todos, especialmente a los rotos, hacerles lugar. \u00a1No dejemos que nos roben esa esperanza!<\/p><p>Muchas veces vemos a las dirigencias de diversos \u00e1mbitos desconectadas de la vida concreta de las mayor\u00edas, envueltas en internismos, buscando ocupar espacios de poder. No abundan las propuestas concretas que expresen vocaci\u00f3n de transformar, de imaginar un sue\u00f1o que ayude a poner de pi\u00e9 y caminar tras de \u00e9l. Las y los m\u00e1s pobres se volvieron casi invisibles para la agenda pol\u00edtica y medi\u00e1tica, cuando no son objeto de declaraciones insensibles que denotan violencia y aporofobia.<\/p><p>Siguiendo la \u201cFratelli Tutti\u201d del Papa Francisco, afirmamos que es imperiosa una pol\u00edtica de fraternidad y amistad social arraigada en la vida del pueblo. Sobre todo se trata de encontrar mecanismos para garantizar a todas las personas una vida digna de llamarse humana. Por eso valoramos profundamente la vocaci\u00f3n pol\u00edtica, la pol\u00edtica como servicio, que abre cauces nuevos para que el pueblo se organice y se exprese. Una pol\u00edtica no solo para el pueblo sino con el pueblo, arraigada en sus comunidades, y en sus valores, tambi\u00e9n los religiosos.<\/p><p>La principal herramienta de transformaci\u00f3n que tiene el que gobierna es el Estado. En las villas o barrios populares necesitamos de una presencia inteligente del Estado, de un Estado emprendedor, pero sobre todo de un Estado que entre en la l\u00f3gica del cuidado de los m\u00e1s fr\u00e1giles. Es verdad que hay algunas pol\u00edticas que se vienen enfocando en este sentido, como las vinculadas a la integraci\u00f3n socio-urbana de los barrios populares o los programas de abordaje comunitario de las personas que padecen adicciones, pero entendemos que resultan insuficientes. La pobreza no es solo escasez de recursos materiales. El lazo social que se rompe en las crisis no se recupera autom\u00e1ticamente en tiempos de bonanza econ\u00f3mica. Para revertir las heridas de la crisis, la violencia, la vida en calle, la marginalidad, la adicci\u00f3n, las fatales consecuencias de la desesperanza, la falta de educaci\u00f3n, no solo se necesita dinero, sino tambi\u00e9n poner mucho el cuerpo y mucho tiempo. Urge consolidar y profundizar los programas de cuidado, que organizan la comunidad para la reconstrucci\u00f3n del tejido social. Para abordar la pobreza multidimensional hay que profundizar estos caminos: techo, tierra, trabajo y reconstrucci\u00f3n de la comunidad. Otra vez el pueblo argentino debe volver a saber que es posible alcanzar una tierra para trabajar, para construir un techo y as\u00ed cuidar de una familia. Debe redescubrir el camino de la educaci\u00f3n como la mejor pol\u00edtica de seguridad. Debemos recuperar el cuidado de las infancias, respetar a los abuelos y abuelas, cuid\u00e1ndolos, y aprendiendo de su sabidur\u00eda de vida.<\/p><p>En definitiva en este tiempo electoral el resumen de lo que queremos expresar es: No se olviden de las y los pobres.<\/p><p>Que la Virgen de Itat\u00ed a quien hoy celebramos, nos inspire los caminos para cuidar la fragilidad de nuestro pueblo.<\/p><p><em>9 de julio de 2023. Equipo de Curas de villas y barrios populares de Buenos Aires y Gran Buenos Aires.<\/em><\/p><p>P. Gustavo Carrara, obispo auxiliar de Buenos Aires, delegado Vicar\u00eda para la Pastoral en Villas de CABA.<br \/>P. Jos\u00e9 Mar\u00eda Di Paola, presidente Federaci\u00f3n Familia Grande del Hogar de Cristo.<br \/>P. Ignacio Bagattini, P. Agust\u00edn L\u00f3pez Solari. Villa 31. Arquidi\u00f3cesis de Buenos Aires.<br \/>P. Pedro Cannav\u00f3, P. Federico Ortega. Barrio Ricciardelli ex Villa 1-11-14. Arquidi\u00f3cesis de Buenos Aires.<br \/>P. Lorenzo de Vedia, P. Facundo Ribeiro. P. Ramiro Terrones, Villa 21-24 y Zavaleta. Arquidi\u00f3cesis de Buenos Aires.<br \/>P. Gustavo Rofi, P. Gabriel L\u00f3pez: Barrio Don Orione &#8211; Claypole. Obra Don Orione. Di\u00f3cesis Lomas de Zamora.<br \/>P. Nicol\u00e1s Angellotti. Puerta de Hierro, San Petesburgo y 17 de Marzo. Di\u00f3cesis de San Justo.<br \/>P. Carlos Olivero. Villa Palito. Di\u00f3cesis de San Justo.<br \/>P. Andr\u00e9s Ben\u00edtez. Villa La Carcova, 13 de Julio y Villa Curita. Di\u00f3cesis de San Mart\u00edn.<br \/>P. Gast\u00f3n Colombres, P. Jes\u00fas Carides. Villa 15. Arquidi\u00f3cesis de Buenos Aires.<br \/>P. Dami\u00e1n Reynoso. Monoblocks Villa Soldati. Arquidi\u00f3cesis de Buenos Aires.<br \/>P. Mart\u00edn Carroza, P. Ramiro Pannunzio. Villa Cild\u00e1\u00f1ez. Arquidi\u00f3cesis de Buenos Aires.<br \/>P. Adri\u00e1n Bennardis. P. Domingo Rehin. Villa 3 y del Barrio Ram\u00f3n Carrillo. Arquidi\u00f3cesis de Buenos Aires.<br \/>P. Joaqu\u00edn Giangreco. Villa Trujuy. Di\u00f3cesis Merlo-Moreno.<br \/>P. Guillermo Torre, Barrio Nicol. Di\u00f3cesis Gregorio de Laferrere<br \/>Carlos Morena, Jos\u00e9 Garc\u00eda. Salesianos, Don Bosco. Di\u00f3cesis de Z\u00e1rate-Campana.<br \/>Juan Jos\u00e9 Berli, Ignacio Rey Nores, Fabio Ra\u00fal Solti. Jesuitas. Barrio la Matera. Di\u00f3cesis Quilmes.<br \/>Mario Roman\u00edn, Fernando Montes, Juan Carlos Roman\u00edn, Bruno Rossi. Salesianos, Don Bosco. Villa Itat\u00ed. Di\u00f3cesis de Quilmes.<br \/>P. Leonardo Silio, P. Jorge Moreno. Barrios Manantiales, Atalaya, Rifif\u00ed, Cascallares, Cassasco y La Porte\u00f1a. Di\u00f3cesis Merlo-Moreno.<br \/>Marcos Mui\u00f1o SJ. Parroquia Patriarca San Jos\u00e9. Di\u00f3cesis San Miguel.<br \/>P. Mauricio Cardea. Villa Celina. Di\u00f3cesis de San Justo.<br \/>P. Ariel Corrado, P. Adri\u00e1n Ortigoza. Villa 20. Arquidi\u00f3cesis de Buenos Aires.<br \/>P. Andres Tocalini. Villa Piletones. Arquidi\u00f3cesis de Buenos Aires.<br \/>P. Pedro Baya Casal. Villa Rodrigo Bueno. Arquidi\u00f3cesis de Buenos Aires.<br \/>P. Omar Mazza, P. Miguel Berriel. Villa Inta y Barrio Mugica. Arquidi\u00f3cesis de Buenos Aires.<br \/>P. Francisco Ochiuzzi. Parroquia Catedral San Miguel. Di\u00f3cesis de San Miguel.<br \/>P. Sebasti\u00e1n Sury. Parroquia Santa Rosa de Lima. Arquidi\u00f3cesis de Buenos Aires.<\/p>\t\t\t\t\t\t\t\t<\/div>\n\t\t\t\t<\/div>\n\t\t\t\t\t<\/div>\n\t\t<\/div>\n\t\t\t\t\t<\/div>\n\t\t<\/section>\n\t\t\t\t<\/div>\n\t\t<!-- AddThis Advanced Settings generic via filter on the_content --><!-- AddThis Share Buttons generic via filter on the_content -->","protected":false},"excerpt":{"rendered":"<p>Equipo de Curas de Villas y Barrios Populares de Buenos Aires y GranBuenos Aires Equipo de Curas de Villas y Barrios Populares de Buenos Aires [&hellip;]<!-- AddThis Advanced Settings generic via filter on get_the_excerpt --><!-- AddThis Share Buttons generic via filter on get_the_excerpt --><\/p>\n","protected":false},"author":2,"featured_media":17628,"comment_status":"open","ping_status":"open","sticky":true,"template":"","format":"standard","meta":{"footnotes":""},"categories":[5],"tags":[],"class_list":["post-17618","post","type-post","status-publish","format-standard","has-post-thumbnail","hentry","category-generales"],"_links":{"self":[{"href":"https:\/\/obispadodezaratecampana.org\/index.php?rest_route=\/wp\/v2\/posts\/17618","targetHints":{"allow":["GET"]}}],"collection":[{"href":"https:\/\/obispadodezaratecampana.org\/index.php?rest_route=\/wp\/v2\/posts"}],"about":[{"href":"https:\/\/obispadodezaratecampana.org\/index.php?rest_route=\/wp\/v2\/types\/post"}],"author":[{"embeddable":true,"href":"https:\/\/obispadodezaratecampana.org\/index.php?rest_route=\/wp\/v2\/users\/2"}],"replies":[{"embeddable":true,"href":"https:\/\/obispadodezaratecampana.org\/index.php?rest_route=%2Fwp%2Fv2%2Fcomments&post=17618"}],"version-history":[{"count":9,"href":"https:\/\/obispadodezaratecampana.org\/index.php?rest_route=\/wp\/v2\/posts\/17618\/revisions"}],"predecessor-version":[{"id":17630,"href":"https:\/\/obispadodezaratecampana.org\/index.php?rest_route=\/wp\/v2\/posts\/17618\/revisions\/17630"}],"wp:featuredmedia":[{"embeddable":true,"href":"https:\/\/obispadodezaratecampana.org\/index.php?rest_route=\/wp\/v2\/media\/17628"}],"wp:attachment":[{"href":"https:\/\/obispadodezaratecampana.org\/index.php?rest_route=%2Fwp%2Fv2%2Fmedia&parent=17618"}],"wp:term":[{"taxonomy":"category","embeddable":true,"href":"https:\/\/obispadodezaratecampana.org\/index.php?rest_route=%2Fwp%2Fv2%2Fcategories&post=17618"},{"taxonomy":"post_tag","embeddable":true,"href":"https:\/\/obispadodezaratecampana.org\/index.php?rest_route=%2Fwp%2Fv2%2Ftags&post=17618"}],"curies":[{"name":"wp","href":"https:\/\/api.w.org\/{rel}","templated":true}]}}