{"id":17604,"date":"2023-07-06T14:43:41","date_gmt":"2023-07-06T17:43:41","guid":{"rendered":"http:\/\/obispadodezaratecampana.org\/?p=17604"},"modified":"2023-07-06T15:31:13","modified_gmt":"2023-07-06T18:31:13","slug":"que-nadie-nos-quite-la-posibilidad-de-sonar-la-diocesis-para-seguir-construyendo-pedro-laxague-obispo-de-zarate-campana","status":"publish","type":"post","link":"https:\/\/obispadodezaratecampana.org\/?p=17604","title":{"rendered":"Fiesta Catedral Santa Florentina: 6 de julio 19 hs"},"content":{"rendered":"\t\t<div data-elementor-type=\"wp-post\" data-elementor-id=\"17604\" class=\"elementor elementor-17604\">\n\t\t\t\t\t\t<section class=\"elementor-section elementor-top-section elementor-element elementor-element-25d8b96c elementor-section-boxed elementor-section-height-default elementor-section-height-default\" data-id=\"25d8b96c\" data-element_type=\"section\" data-e-type=\"section\">\n\t\t\t\t\t\t<div class=\"elementor-container elementor-column-gap-default\">\n\t\t\t\t\t<div class=\"elementor-column elementor-col-100 elementor-top-column elementor-element elementor-element-480b283c\" data-id=\"480b283c\" data-element_type=\"column\" data-e-type=\"column\">\n\t\t\t<div class=\"elementor-widget-wrap elementor-element-populated\">\n\t\t\t\t\t\t<div class=\"elementor-element elementor-element-32b12cda elementor-widget elementor-widget-text-editor\" data-id=\"32b12cda\" data-element_type=\"widget\" data-e-type=\"widget\" data-widget_type=\"text-editor.default\">\n\t\t\t\t<div class=\"elementor-widget-container\">\n\t\t\t\t\t\t\t\t\t<p><em>\u201cDesde la intimidad de cada coraz\u00f3n, el amor crea v\u00ednculos y ampl\u00eda la existencia cuando saca a la persona de s\u00ed misma hacia el otro. Hechos para el amor, hay en cada uno de nosotros \u00abuna ley de \u00e9xtasis: salir de s\u00ed mismo para hallar en otro un crecimiento de su ser\u00bb. Por ello \u00aben cualquier caso el hombre tiene que llevar a cabo esta empresa: salir de s\u00ed mismo\u00bb. <\/em><br \/><em>Pto. 88 Fratelli Tutti, Papa Francisco.<\/em><\/p><p>Querida familia de Z\u00e1rate-Campana:<br \/>Hoy estar\u00e9 celebrando en Campana, la Fiesta Patronal de la Catedral de nuestra Di\u00f3cesis: Santa Florentina. <br \/>Florentina sin dudas junto a sus hermanos vivieron plenamente esto a lo que hace referencia el Papa Francisco en Fratelli Tutti de salir de uno mismo para hallar en otro \u201cel crecimiento de su ser\u201d: se los recuerda luego de tantos siglos (datan del siglo VI) a estos santos hermanos por el cari\u00f1o y la ayuda que se brindaban entre ellos. <br \/>El amor vivido en esa familia, algo que empez\u00f3 \u201cpuertas adentro\u201d dio tantos frutos a la sociedad. <br \/>Pidamos hoy a Santa Florentina a que nos ayude en esto de poder hallar en el otro el crecimiento de nuestro ser, salir de nosotros mismos, ayudar y dejarnos ayudar. <br \/>Un gran abrazo y mi bendici\u00f3n.<br \/>+ Pedro Laxague<br \/>Obispo <br \/>Z\u00e1rate-Campana<\/p><p><a href=\"http:\/\/obispadodezaratecampana.org\/wp-content\/uploads\/2023\/07\/WhatsApp-Image-2023-07-06-at-14.34.52-1.jpeg\"><img fetchpriority=\"high\" decoding=\"async\" class=\"aligncenter wp-image-17613 size-large\" src=\"http:\/\/obispadodezaratecampana.org\/wp-content\/uploads\/2023\/07\/WhatsApp-Image-2023-07-06-at-14.34.52-1-819x1024.jpeg\" alt=\"\" width=\"819\" height=\"1024\" srcset=\"https:\/\/obispadodezaratecampana.org\/wp-content\/uploads\/2023\/07\/WhatsApp-Image-2023-07-06-at-14.34.52-1-819x1024.jpeg 819w, https:\/\/obispadodezaratecampana.org\/wp-content\/uploads\/2023\/07\/WhatsApp-Image-2023-07-06-at-14.34.52-1-240x300.jpeg 240w, https:\/\/obispadodezaratecampana.org\/wp-content\/uploads\/2023\/07\/WhatsApp-Image-2023-07-06-at-14.34.52-1-768x960.jpeg 768w, https:\/\/obispadodezaratecampana.org\/wp-content\/uploads\/2023\/07\/WhatsApp-Image-2023-07-06-at-14.34.52-1.jpeg 1080w\" sizes=\"(max-width: 819px) 100vw, 819px\" \/><\/a><\/p>\t\t\t\t\t\t\t\t<\/div>\n\t\t\t\t<\/div>\n\t\t\t\t\t<\/div>\n\t\t<\/div>\n\t\t\t\t\t<\/div>\n\t\t<\/section>\n\t\t\t\t<\/div>\n\t\t<!-- AddThis Advanced Settings generic via filter on the_content --><!-- AddThis Share Buttons generic via filter on the_content -->","protected":false},"excerpt":{"rendered":"<p>\u201cDesde la intimidad de cada coraz\u00f3n, el amor crea v\u00ednculos y ampl\u00eda la existencia cuando saca a la persona de s\u00ed misma hacia el otro. [&hellip;]<!-- AddThis Advanced Settings generic via filter on get_the_excerpt --><!-- AddThis Share Buttons generic via filter on get_the_excerpt --><\/p>\n","protected":false},"author":2,"featured_media":17607,"comment_status":"open","ping_status":"open","sticky":true,"template":"","format":"standard","meta":{"footnotes":""},"categories":[177,3],"tags":[],"class_list":["post-17604","post","type-post","status-publish","format-standard","has-post-thumbnail","hentry","category-diocesanas","category-noticiasparroquiales"],"_links":{"self":[{"href":"https:\/\/obispadodezaratecampana.org\/index.php?rest_route=\/wp\/v2\/posts\/17604","targetHints":{"allow":["GET"]}}],"collection":[{"href":"https:\/\/obispadodezaratecampana.org\/index.php?rest_route=\/wp\/v2\/posts"}],"about":[{"href":"https:\/\/obispadodezaratecampana.org\/index.php?rest_route=\/wp\/v2\/types\/post"}],"author":[{"embeddable":true,"href":"https:\/\/obispadodezaratecampana.org\/index.php?rest_route=\/wp\/v2\/users\/2"}],"replies":[{"embeddable":true,"href":"https:\/\/obispadodezaratecampana.org\/index.php?rest_route=%2Fwp%2Fv2%2Fcomments&post=17604"}],"version-history":[{"count":9,"href":"https:\/\/obispadodezaratecampana.org\/index.php?rest_route=\/wp\/v2\/posts\/17604\/revisions"}],"predecessor-version":[{"id":17617,"href":"https:\/\/obispadodezaratecampana.org\/index.php?rest_route=\/wp\/v2\/posts\/17604\/revisions\/17617"}],"wp:featuredmedia":[{"embeddable":true,"href":"https:\/\/obispadodezaratecampana.org\/index.php?rest_route=\/wp\/v2\/media\/17607"}],"wp:attachment":[{"href":"https:\/\/obispadodezaratecampana.org\/index.php?rest_route=%2Fwp%2Fv2%2Fmedia&parent=17604"}],"wp:term":[{"taxonomy":"category","embeddable":true,"href":"https:\/\/obispadodezaratecampana.org\/index.php?rest_route=%2Fwp%2Fv2%2Fcategories&post=17604"},{"taxonomy":"post_tag","embeddable":true,"href":"https:\/\/obispadodezaratecampana.org\/index.php?rest_route=%2Fwp%2Fv2%2Ftags&post=17604"}],"curies":[{"name":"wp","href":"https:\/\/api.w.org\/{rel}","templated":true}]}}