{"id":17579,"date":"2023-07-04T13:12:02","date_gmt":"2023-07-04T16:12:02","guid":{"rendered":"http:\/\/obispadodezaratecampana.org\/?p=17579"},"modified":"2023-07-04T14:00:36","modified_gmt":"2023-07-04T17:00:36","slug":"disertacion-la-paz-y-nosotros-4-de-julio-19-hs","status":"publish","type":"post","link":"https:\/\/obispadodezaratecampana.org\/?p=17579","title":{"rendered":"Misa de env\u00edo a la Jornada Mundial de la Juventud 2023"},"content":{"rendered":"\t\t<div data-elementor-type=\"wp-post\" data-elementor-id=\"17579\" class=\"elementor elementor-17579\">\n\t\t\t\t\t\t<section class=\"elementor-section elementor-top-section elementor-element elementor-element-25d8b96c elementor-section-boxed elementor-section-height-default elementor-section-height-default\" data-id=\"25d8b96c\" data-element_type=\"section\" data-e-type=\"section\">\n\t\t\t\t\t\t<div class=\"elementor-container elementor-column-gap-default\">\n\t\t\t\t\t<div class=\"elementor-column elementor-col-100 elementor-top-column elementor-element elementor-element-480b283c\" data-id=\"480b283c\" data-element_type=\"column\" data-e-type=\"column\">\n\t\t\t<div class=\"elementor-widget-wrap elementor-element-populated\">\n\t\t\t\t\t\t<div class=\"elementor-element elementor-element-32b12cda elementor-widget elementor-widget-text-editor\" data-id=\"32b12cda\" data-element_type=\"widget\" data-e-type=\"widget\" data-widget_type=\"text-editor.default\">\n\t\t\t\t<div class=\"elementor-widget-container\">\n\t\t\t\t\t\t\t\t\t<p>Este s\u00e1bado 8 de julio en la Parroquia Ntra. Sra. del Pilar -calle Lorenzo Lopez 624, Pilar- nuestro Obispo Pedro Laxague presidir\u00e1 la misa de env\u00edo con los peregrinos que participar\u00e1n de la Jornada Mundial de la Juventud: JMJ 2023.\u00a0<\/p><p>Desde la Pastoral Juvenil y Vocacional de nuestra Di\u00f3cesis de Z\u00e1rate-Campana, invitan a todos a acompa\u00f1ar.\u00a0<\/p><p>En este enlace toda la informaci\u00f3n sobre la JMJ: <a href=\"https:\/\/www.lisboa2023.org\/es\">https:\/\/www.lisboa2023.org\/es<\/a><\/p>\t\t\t\t\t\t\t\t<\/div>\n\t\t\t\t<\/div>\n\t\t\t\t\t<\/div>\n\t\t<\/div>\n\t\t\t\t\t<\/div>\n\t\t<\/section>\n\t\t\t\t<\/div>\n\t\t<!-- AddThis Advanced Settings generic via filter on the_content --><!-- AddThis Share Buttons generic via filter on the_content -->","protected":false},"excerpt":{"rendered":"<p>Este s\u00e1bado 8 de julio en la Parroquia Ntra. Sra. del Pilar -calle Lorenzo Lopez 624, Pilar- nuestro Obispo Pedro Laxague presidir\u00e1 la misa de [&hellip;]<!-- AddThis Advanced Settings generic via filter on get_the_excerpt --><!-- AddThis Share Buttons generic via filter on get_the_excerpt --><\/p>\n","protected":false},"author":2,"featured_media":17582,"comment_status":"open","ping_status":"open","sticky":true,"template":"","format":"standard","meta":{"footnotes":""},"categories":[177,4],"tags":[],"class_list":["post-17579","post","type-post","status-publish","format-standard","has-post-thumbnail","hentry","category-diocesanas","category-movimientosinstituciones"],"_links":{"self":[{"href":"https:\/\/obispadodezaratecampana.org\/index.php?rest_route=\/wp\/v2\/posts\/17579","targetHints":{"allow":["GET"]}}],"collection":[{"href":"https:\/\/obispadodezaratecampana.org\/index.php?rest_route=\/wp\/v2\/posts"}],"about":[{"href":"https:\/\/obispadodezaratecampana.org\/index.php?rest_route=\/wp\/v2\/types\/post"}],"author":[{"embeddable":true,"href":"https:\/\/obispadodezaratecampana.org\/index.php?rest_route=\/wp\/v2\/users\/2"}],"replies":[{"embeddable":true,"href":"https:\/\/obispadodezaratecampana.org\/index.php?rest_route=%2Fwp%2Fv2%2Fcomments&post=17579"}],"version-history":[{"count":8,"href":"https:\/\/obispadodezaratecampana.org\/index.php?rest_route=\/wp\/v2\/posts\/17579\/revisions"}],"predecessor-version":[{"id":17590,"href":"https:\/\/obispadodezaratecampana.org\/index.php?rest_route=\/wp\/v2\/posts\/17579\/revisions\/17590"}],"wp:featuredmedia":[{"embeddable":true,"href":"https:\/\/obispadodezaratecampana.org\/index.php?rest_route=\/wp\/v2\/media\/17582"}],"wp:attachment":[{"href":"https:\/\/obispadodezaratecampana.org\/index.php?rest_route=%2Fwp%2Fv2%2Fmedia&parent=17579"}],"wp:term":[{"taxonomy":"category","embeddable":true,"href":"https:\/\/obispadodezaratecampana.org\/index.php?rest_route=%2Fwp%2Fv2%2Fcategories&post=17579"},{"taxonomy":"post_tag","embeddable":true,"href":"https:\/\/obispadodezaratecampana.org\/index.php?rest_route=%2Fwp%2Fv2%2Ftags&post=17579"}],"curies":[{"name":"wp","href":"https:\/\/api.w.org\/{rel}","templated":true}]}}