{"id":17490,"date":"2023-06-29T14:05:35","date_gmt":"2023-06-29T17:05:35","guid":{"rendered":"http:\/\/obispadodezaratecampana.org\/?p=17490"},"modified":"2023-06-29T14:16:46","modified_gmt":"2023-06-29T17:16:46","slug":"semana-social-2023-en-mar-del-plata-viernes-30-de-junio-al-domingo-2-de-julio","status":"publish","type":"post","link":"https:\/\/obispadodezaratecampana.org\/?p=17490","title":{"rendered":"Papa Francisco: La Iglesia necesita personas verdaderas como Pedro y Pablo"},"content":{"rendered":"\t\t<div data-elementor-type=\"wp-post\" data-elementor-id=\"17490\" class=\"elementor elementor-17490\">\n\t\t\t\t\t\t<section class=\"elementor-section elementor-top-section elementor-element elementor-element-25d8b96c elementor-section-boxed elementor-section-height-default elementor-section-height-default\" data-id=\"25d8b96c\" data-element_type=\"section\" data-e-type=\"section\">\n\t\t\t\t\t\t<div class=\"elementor-container elementor-column-gap-default\">\n\t\t\t\t\t<div class=\"elementor-column elementor-col-100 elementor-top-column elementor-element elementor-element-480b283c\" data-id=\"480b283c\" data-element_type=\"column\" data-e-type=\"column\">\n\t\t\t<div class=\"elementor-widget-wrap elementor-element-populated\">\n\t\t\t\t\t\t<div class=\"elementor-element elementor-element-32b12cda elementor-widget elementor-widget-text-editor\" data-id=\"32b12cda\" data-element_type=\"widget\" data-e-type=\"widget\" data-widget_type=\"text-editor.default\">\n\t\t\t\t<div class=\"elementor-widget-container\">\n\t\t\t\t\t\t\t\t\t<p><a href=\"http:\/\/obispadodezaratecampana.org\/wp-content\/uploads\/2023\/06\/WhatsApp-Image-2023-06-29-at-14.09.21.jpeg\"><img fetchpriority=\"high\" decoding=\"async\" class=\"aligncenter size-medium wp-image-17498\" src=\"http:\/\/obispadodezaratecampana.org\/wp-content\/uploads\/2023\/06\/WhatsApp-Image-2023-06-29-at-14.09.21-300x300.jpeg\" alt=\"\" width=\"300\" height=\"300\" srcset=\"https:\/\/obispadodezaratecampana.org\/wp-content\/uploads\/2023\/06\/WhatsApp-Image-2023-06-29-at-14.09.21-300x300.jpeg 300w, https:\/\/obispadodezaratecampana.org\/wp-content\/uploads\/2023\/06\/WhatsApp-Image-2023-06-29-at-14.09.21-1024x1024.jpeg 1024w, https:\/\/obispadodezaratecampana.org\/wp-content\/uploads\/2023\/06\/WhatsApp-Image-2023-06-29-at-14.09.21-150x150.jpeg 150w, https:\/\/obispadodezaratecampana.org\/wp-content\/uploads\/2023\/06\/WhatsApp-Image-2023-06-29-at-14.09.21-768x768.jpeg 768w, https:\/\/obispadodezaratecampana.org\/wp-content\/uploads\/2023\/06\/WhatsApp-Image-2023-06-29-at-14.09.21.jpeg 1080w\" sizes=\"(max-width: 300px) 100vw, 300px\" \/><\/a><\/p><p>\u00a0<\/p><p class=\"article__title\"><strong>\u00c1ngelus del Papa: La Iglesia necesita personas verdaderas como Pedro y Pablo<\/strong><\/p><div class=\"article__subTitle\">A la hora del \u00c1ngelus, en la solemnidad de los Ap\u00f3stoles Pedro y Pablo, Francisco inst\u00f3 a imitar la \u201cfortaleza, generosidad y humildad&#8221; de los dos santos. \u201cFueron personas verdaderas y nosotros, hoy m\u00e1s que nunca, necesitamos de personas verdaderas\u201d.<\/div><div class=\"article__text\"><p><b>Mar\u00eda Cecilia Mutual &#8211; Vatican News, <\/b>jueves 29 de junio 2023.<\/p><p>En la Solemnidad de los Santos Pedro y Pablo, tras celebrar la Santa Misa en la Bas\u00edlica Vaticana con la bendici\u00f3n de los Palios para los nuevos arzobispos, el Papa Francisco rez\u00f3 la oraci\u00f3n del \u00c1ngelus asomado desde la ventana del Palacio Apost\u00f3lico.<\/p><p>El Obispo de Roma inici\u00f3 su reflexi\u00f3n bas\u00e1ndose en una frase del Evangelio de Mateo, cuando Jes\u00fas le dice a Sim\u00f3n, uno de los Doce: &#8220;T\u00fa eres Pedro, y sobre esta piedra edificar\u00e9 mi Iglesia&#8221; (Mt 16,18).<\/p><p>Pedro, afirm\u00f3 el Papa, es un nombre que tiene varios significados: puede significar roca, piedra o simplemente piedrita. Y, en efecto, si nos fijamos en la vida de Pedro, encontramos un poco de estos tres aspectos de su nombre.<\/p><p>\u201cPedro es una roca: en muchos momentos se muestra fuerte y firme, aut\u00e9ntico y generoso. Lo deja todo para seguir a Jes\u00fas, lo reconoce como Cristo, el Hijo de Dios vivo\u201d, explic\u00f3 Francisco, recordando tambi\u00e9n que luego, \u201ccon franqueza y valent\u00eda, proclama a Jes\u00fas en el Templo, antes y despu\u00e9s de ser arrestado y azotado\u201d. \u201cLa tradici\u00f3n nos habla tambi\u00e9n de su firmeza ante el martirio\u201d.<\/p><p><b>Pedro es piedra, punto de referencia para la comunidad<\/b><\/p><p>Pedro es tambi\u00e9n una piedra, puntualiz\u00f3 el Papa, \u201capta para ofrecer apoyo a los dem\u00e1s: una piedra que, cimentada en Cristo, sirve de apoyo a los hermanos para la edificaci\u00f3n de la Iglesia\u201d. El ap\u00f3stol, record\u00f3 adem\u00e1s el Pont\u00edfice, \u201cse preocupa por los que sufren, promueve y anima el anuncio com\u00fan del Evangelio. Es una \u2018piedra\u2019, un punto de referencia fiable para toda la comunidad\u201d.<\/p><p>Finalmente, \u201cPedro es tambi\u00e9n una piedra sencilla: a menudo aflora su peque\u00f1ez\u201d. A veces, observ\u00f3 el Santo Padre, \u201cno comprende lo que hace Jes\u00fas. Ante su arresto, se deja vencer por el miedo y lo niega, luego se arrepiente y llora amargamente pero no encuentra el valor de permanecer bajo la cruz. Se esconde con los dem\u00e1s en el cen\u00e1culo, por miedo a ser apresado. En Antioqu\u00eda se averg\u00fcenza de estar con los paganos convertidos. Por \u00faltimo, seg\u00fan la tradici\u00f3n del Quo vadis, intenta huir ante el martirio, pero se encuentra con Jes\u00fas en el camino y encuentra el valor para volver atr\u00e1s\u201d.<\/p><p><b>Pedro es un hombre como nosotros, no un superhombre<br \/><\/b><\/p><p>&#8220;En Pedro est\u00e1 todo esto: la fuerza de la roca, la fiabilidad de la piedra y la peque\u00f1ez de una simple piedrita&#8221;, resumi\u00f3 el Papa. \u201cNo es un superhombre: es un hombre como nosotros, que dice \u2018s\u00ed\u2019 a Jes\u00fas con generosidad en su imperfecci\u00f3n, asegur\u00f3, evidenciando que tambi\u00e9n en \u00e9l como en los otros ap\u00f3stoles y santos \u201ces Dios quien nos hace fuertes con su gracia, nos une con su caridad y nos perdona con su misericordia\u201d.<\/p><p><i>Y es con esta humanidad verdadera con la que el Esp\u00edritu forma la Iglesia. Pedro y Pablo eran personas verdaderas, y nosotros, hoy m\u00e1s que nunca, necesitamos personas verdaderas\u201d.<\/i><\/p><p><strong>Imitar la fortaleza, la generosidad y la humildad de los Ap\u00f3stoles<\/strong><\/p><p>Antes de rezar a la Madre de Dios y concluir su reflexi\u00f3n, el Papa invit\u00f3 a los fieles congregados en la plaza de San Pedro a plantearse algunas preguntas:<\/p><p>\u00bfHay en nosotros ardor, celo, pasi\u00f3n por el Se\u00f1or y por el Evangelio, o es algo que se desmorona f\u00e1cilmente? Y luego,<i>\u00a0\u00bfsomos piedras, no piedras de tropiezo, sino piedras de construcci\u00f3n para la Iglesia? \u00bfTrabajamos por la unidad, nos interesamos por los dem\u00e1s, especialmente por los m\u00e1s d\u00e9biles? Por \u00faltimo, pensando en la piedrita: \u00bfsomos conscientes de nuestra peque\u00f1ez? Y sobre todo: en nuestras debilidades, \u00bfnos confiamos al Se\u00f1or, que realiza grandes cosas con los que son humildes y sinceros?<\/i><\/p><p>Y finalmente, a Mar\u00eda, Reina de los Ap\u00f3stoles, elev\u00f3 su oraci\u00f3n pidi\u00e9ndole ayuda para que seamos capaces de \u201cimitar la fortaleza, generosidad y humildad de los santos Pedro y Pablo\u201d.<\/p><\/div><div id=\"banner-donazioni\" class=\"article_banner\">\u00a0<\/div>\t\t\t\t\t\t\t\t<\/div>\n\t\t\t\t<\/div>\n\t\t\t\t\t<\/div>\n\t\t<\/div>\n\t\t\t\t\t<\/div>\n\t\t<\/section>\n\t\t\t\t<\/div>\n\t\t<!-- AddThis Advanced Settings generic via filter on the_content --><!-- AddThis Share Buttons generic via filter on the_content -->","protected":false},"excerpt":{"rendered":"<p>\u00c1ngelus del Papa: La Iglesia necesita personas verdaderas como Pedro y Pablo A la hora del \u00c1ngelus, en la solemnidad de los Ap\u00f3stoles Pedro y [&hellip;]<!-- AddThis Advanced Settings generic via filter on get_the_excerpt --><!-- AddThis Share Buttons generic via filter on get_the_excerpt --><\/p>\n","protected":false},"author":2,"featured_media":17498,"comment_status":"open","ping_status":"open","sticky":true,"template":"","format":"standard","meta":{"footnotes":""},"categories":[161,5],"tags":[],"class_list":["post-17490","post","type-post","status-publish","format-standard","has-post-thumbnail","hentry","category-el-papa-leonxiv","category-generales"],"_links":{"self":[{"href":"https:\/\/obispadodezaratecampana.org\/index.php?rest_route=\/wp\/v2\/posts\/17490","targetHints":{"allow":["GET"]}}],"collection":[{"href":"https:\/\/obispadodezaratecampana.org\/index.php?rest_route=\/wp\/v2\/posts"}],"about":[{"href":"https:\/\/obispadodezaratecampana.org\/index.php?rest_route=\/wp\/v2\/types\/post"}],"author":[{"embeddable":true,"href":"https:\/\/obispadodezaratecampana.org\/index.php?rest_route=\/wp\/v2\/users\/2"}],"replies":[{"embeddable":true,"href":"https:\/\/obispadodezaratecampana.org\/index.php?rest_route=%2Fwp%2Fv2%2Fcomments&post=17490"}],"version-history":[{"count":12,"href":"https:\/\/obispadodezaratecampana.org\/index.php?rest_route=\/wp\/v2\/posts\/17490\/revisions"}],"predecessor-version":[{"id":17504,"href":"https:\/\/obispadodezaratecampana.org\/index.php?rest_route=\/wp\/v2\/posts\/17490\/revisions\/17504"}],"wp:featuredmedia":[{"embeddable":true,"href":"https:\/\/obispadodezaratecampana.org\/index.php?rest_route=\/wp\/v2\/media\/17498"}],"wp:attachment":[{"href":"https:\/\/obispadodezaratecampana.org\/index.php?rest_route=%2Fwp%2Fv2%2Fmedia&parent=17490"}],"wp:term":[{"taxonomy":"category","embeddable":true,"href":"https:\/\/obispadodezaratecampana.org\/index.php?rest_route=%2Fwp%2Fv2%2Fcategories&post=17490"},{"taxonomy":"post_tag","embeddable":true,"href":"https:\/\/obispadodezaratecampana.org\/index.php?rest_route=%2Fwp%2Fv2%2Ftags&post=17490"}],"curies":[{"name":"wp","href":"https:\/\/api.w.org\/{rel}","templated":true}]}}