{"id":17166,"date":"2023-05-28T16:18:48","date_gmt":"2023-05-28T19:18:48","guid":{"rendered":"http:\/\/obispadodezaratecampana.org\/?p=17166"},"modified":"2023-05-28T16:35:41","modified_gmt":"2023-05-28T19:35:41","slug":"el-espiritu-santo-nos-libera-de-las-presiones-del-miedo-papa-francisco-en-pentecostes","status":"publish","type":"post","link":"https:\/\/obispadodezaratecampana.org\/?p=17166","title":{"rendered":"\u201cEl Esp\u00edritu Santo nos libera de las presiones del miedo\u201d Papa Francisco en Pentecost\u00e9s"},"content":{"rendered":"\t\t<div data-elementor-type=\"wp-post\" data-elementor-id=\"17166\" class=\"elementor elementor-17166\">\n\t\t\t\t\t\t<section class=\"elementor-section elementor-top-section elementor-element elementor-element-6c256473 elementor-section-boxed elementor-section-height-default elementor-section-height-default\" data-id=\"6c256473\" data-element_type=\"section\" data-e-type=\"section\">\n\t\t\t\t\t\t<div class=\"elementor-container elementor-column-gap-default\">\n\t\t\t\t\t<div class=\"elementor-column elementor-col-100 elementor-top-column elementor-element elementor-element-554b51bb\" data-id=\"554b51bb\" data-element_type=\"column\" data-e-type=\"column\">\n\t\t\t<div class=\"elementor-widget-wrap elementor-element-populated\">\n\t\t\t\t\t\t<div class=\"elementor-element elementor-element-59bca4a4 elementor-widget elementor-widget-text-editor\" data-id=\"59bca4a4\" data-element_type=\"widget\" data-e-type=\"widget\" data-widget_type=\"text-editor.default\">\n\t\t\t\t<div class=\"elementor-widget-container\">\n\t\t\t\t\t\t\t\t\t<p><strong>Papa, Regina Caeli: \u201cEl Esp\u00edritu Santo nos libera de las presiones del miedo\u201d<\/strong><\/p><p>En la solemnidad de Pentecost\u00e9s el Papa Francisco recuerda los peligros de encerrarnos en nosotros mismos y ofrece el remedio para salir de esta situaci\u00f3n y seguir adelante.<\/p><p><em>Mireia Bonilla. Ciudad del Vaticano. Fuente: Vatican News<\/em><\/p><p>Este mediod\u00eda durante el Regina Caeli, tras celebrar la Santa Misa en la Fiesta de Pentecost\u00e9s, el Papa Francisco ha reflexionado a cerca de la cerraz\u00f3n del coraz\u00f3n. Para ello ha recordado lo que dice el Evangelio hodierno seg\u00fan Juan, que relata cuando los ap\u00f3stoles se hab\u00edan refugiado despu\u00e9s de la muerte de Jes\u00fas en el Cen\u00e1culo llenos de miedo y angustia. El Resucitado, en la tarde de Pascua, se presenta diciendo: &#8220;Recibid el Esp\u00edritu Santo&#8221;. As\u00ed \u2013 asegura el Papa \u2013 \u201ccon el don del Esp\u00edritu, Jes\u00fas quiere liberar a los disc\u00edpulos del miedo que los mantiene encerrados en sus casas, para que puedan salir y convertirse en testigos y anunciadores del Evangelio\u201d. Los disc\u00edpulos, tras la muerte de Jes\u00fas, ten\u00edan los sue\u00f1os hechos a\u00f1icos, sus esperanzas se hab\u00edan desvanecido, y se hab\u00edan encerrado en s\u00ed mismos, contin\u00faa el Papa.<\/p><p>\u00bfCu\u00e1ntas veces nos encerramos en nosotros mismos?<br \/>El Papa Francisco asegura que, al igual que los ap\u00f3stoles, a veces por alguna situaci\u00f3n dif\u00edcil, por alg\u00fan problema personal o familiar, por el sufrimiento que nos marca o por el mal que respiramos a nuestro alrededor, \u201ccaemos poco a poco en la p\u00e9rdida de la esperanza y nos falta el valor para seguir adelante, encerramos en nosotros mismos, atrincher\u00e1ndonos en el laberinto de las preocupaciones\u201d. Por ello, hoy el Papa explica que \u201ceste encerrarnos en nosotros mismos sucede cuando, en las situaciones m\u00e1s dif\u00edciles, permitimos que el miedo tome el control y haga su &#8220;gran voz&#8221; dentro de nosotros\u201d. La causa, entonces, es el miedo: miedo a no ser capaz de hacer frente, a estar solo para afrontar las batallas cotidianas, a correr riesgos y luego decepcionarse, a tomar decisiones equivocadas\u201d.<\/p><p>El miedo bloquea, paraliza y a\u00edsla<br \/>\u201cEl miedo bloquea, paraliza. Y a\u00edsla\u201d ha dicho el Papa, para despu\u00e9s invitar a los fieles presentes en la plaza de San Pedro a \u201cpensar en el miedo al otro, al extranjero, al diferente, al que piensa distinto\u201d. \u201cE incluso \u2013 dice \u2013 puede haber miedo a Dios: que me castigue, que se enfade conmigo\u201d. Antes esto, el Santo Padre recuerda que \u201csi damos espacio a estos falsos miedos, se cierran las puertas: las del coraz\u00f3n, las de la sociedad, e incluso las puertas de la Iglesia\u201d.<\/p><p><br \/>El remedio ante el miedo es el Esp\u00edritu Santo<br \/>Al final de su reflexi\u00f3n, el Papa ha citado el remedio ante el miedo que podemos encontrar en el Evangelio: el Esp\u00edritu Santo. \u201c\u00c9l libera de las prisiones del miedo. Al recibir el Esp\u00edritu, los ap\u00f3stoles -hoy lo celebramos- abandonan el cen\u00e1culo y salen al mundo para perdonar los pecados y proclamar la buena nueva. Gracias a \u00c9l, se vencen los miedos y se abren las puertas. Porque esto es lo que hace el Esp\u00edritu: nos hace sentir la cercan\u00eda de Dios y as\u00ed su amor echa fuera el miedo, ilumina el camino, consuela, sostiene en la adversidad\u201d.<\/p>\t\t\t\t\t\t\t\t<\/div>\n\t\t\t\t<\/div>\n\t\t\t\t\t<\/div>\n\t\t<\/div>\n\t\t\t\t\t<\/div>\n\t\t<\/section>\n\t\t\t\t<\/div>\n\t\t<!-- AddThis Advanced Settings generic via filter on the_content --><!-- AddThis Share Buttons generic via filter on the_content -->","protected":false},"excerpt":{"rendered":"<p>Papa, Regina Caeli: \u201cEl Esp\u00edritu Santo nos libera de las presiones del miedo\u201d En la solemnidad de Pentecost\u00e9s el Papa Francisco recuerda los peligros de [&hellip;]<!-- AddThis Advanced Settings generic via filter on get_the_excerpt --><!-- AddThis Share Buttons generic via filter on get_the_excerpt --><\/p>\n","protected":false},"author":2,"featured_media":17174,"comment_status":"open","ping_status":"open","sticky":false,"template":"","format":"standard","meta":{"footnotes":""},"categories":[161],"tags":[],"class_list":["post-17166","post","type-post","status-publish","format-standard","has-post-thumbnail","hentry","category-el-papa-leonxiv"],"_links":{"self":[{"href":"https:\/\/obispadodezaratecampana.org\/index.php?rest_route=\/wp\/v2\/posts\/17166","targetHints":{"allow":["GET"]}}],"collection":[{"href":"https:\/\/obispadodezaratecampana.org\/index.php?rest_route=\/wp\/v2\/posts"}],"about":[{"href":"https:\/\/obispadodezaratecampana.org\/index.php?rest_route=\/wp\/v2\/types\/post"}],"author":[{"embeddable":true,"href":"https:\/\/obispadodezaratecampana.org\/index.php?rest_route=\/wp\/v2\/users\/2"}],"replies":[{"embeddable":true,"href":"https:\/\/obispadodezaratecampana.org\/index.php?rest_route=%2Fwp%2Fv2%2Fcomments&post=17166"}],"version-history":[{"count":11,"href":"https:\/\/obispadodezaratecampana.org\/index.php?rest_route=\/wp\/v2\/posts\/17166\/revisions"}],"predecessor-version":[{"id":17178,"href":"https:\/\/obispadodezaratecampana.org\/index.php?rest_route=\/wp\/v2\/posts\/17166\/revisions\/17178"}],"wp:featuredmedia":[{"embeddable":true,"href":"https:\/\/obispadodezaratecampana.org\/index.php?rest_route=\/wp\/v2\/media\/17174"}],"wp:attachment":[{"href":"https:\/\/obispadodezaratecampana.org\/index.php?rest_route=%2Fwp%2Fv2%2Fmedia&parent=17166"}],"wp:term":[{"taxonomy":"category","embeddable":true,"href":"https:\/\/obispadodezaratecampana.org\/index.php?rest_route=%2Fwp%2Fv2%2Fcategories&post=17166"},{"taxonomy":"post_tag","embeddable":true,"href":"https:\/\/obispadodezaratecampana.org\/index.php?rest_route=%2Fwp%2Fv2%2Ftags&post=17166"}],"curies":[{"name":"wp","href":"https:\/\/api.w.org\/{rel}","templated":true}]}}