{"id":17127,"date":"2023-05-29T14:43:00","date_gmt":"2023-05-29T17:43:00","guid":{"rendered":"http:\/\/obispadodezaratecampana.org\/?p=17127"},"modified":"2023-05-29T20:51:56","modified_gmt":"2023-05-29T23:51:56","slug":"la-carta-imperdible-pelicula-sobre-laudato-si","status":"publish","type":"post","link":"https:\/\/obispadodezaratecampana.org\/?p=17127","title":{"rendered":"&#8220;La Carta&#8221;: imperdible pel\u00edcula sobre Laudato Si\u00b4"},"content":{"rendered":"\t\t<div data-elementor-type=\"wp-post\" data-elementor-id=\"17127\" class=\"elementor elementor-17127\">\n\t\t\t\t\t\t<section class=\"elementor-section elementor-top-section elementor-element elementor-element-6c256473 elementor-section-boxed elementor-section-height-default elementor-section-height-default\" data-id=\"6c256473\" data-element_type=\"section\" data-e-type=\"section\">\n\t\t\t\t\t\t<div class=\"elementor-container elementor-column-gap-default\">\n\t\t\t\t\t<div class=\"elementor-column elementor-col-100 elementor-top-column elementor-element elementor-element-554b51bb\" data-id=\"554b51bb\" data-element_type=\"column\" data-e-type=\"column\">\n\t\t\t<div class=\"elementor-widget-wrap elementor-element-populated\">\n\t\t\t\t\t\t<div class=\"elementor-element elementor-element-59bca4a4 elementor-widget elementor-widget-text-editor\" data-id=\"59bca4a4\" data-element_type=\"widget\" data-e-type=\"widget\" data-widget_type=\"text-editor.default\">\n\t\t\t\t<div class=\"elementor-widget-container\">\n\t\t\t\t\t\t\t\t\t<p><\/p>\n<p><span style=\"color: #000000;\"><strong>YouTube disponible la pel\u00edcula &#8220;La Carta&#8221;: <\/strong><a style=\"color: #000000;\" href=\"https:\/\/youtu.be\/Rps9bs85BII\"><strong>https:\/\/youtu.be\/Rps9bs85BII<\/strong><\/a><\/span><\/p>\n<p><span style=\"color: #000000;\">The Letter -La Carta en idioma espa\u00f1ol- cuenta la historia del llamado del Papa a cuidar nuestro planeta. Para informaci\u00f3n sobre versiones traducidas y c\u00f3mo ponerte en acci\u00f3n, visita <a href=\"https:\/\/TheLetterFilm.org\">https:\/\/TheLetterFilm.org<\/a><\/span><\/p>\n<p><span style=\"color: #000000;\">En 2015, el papa Francisco escribi\u00f3 Laudato Si\u2019 (La carta), una enc\u00edclica sobre la crisis ambiental dirigida a todas las personas del mundo. Unos a\u00f1os m\u00e1s tarde, cuatro voces que hab\u00edan pasado desapercibidas en las conversaciones globales fueron invitadas a tener un di\u00e1logo sin precedentes con el papa. Desde Senegal, Amazon\u00eda, India y Haw\u00e1i, estas voces brindar\u00e1n su perspectiva y sus soluciones para los pobres, los ind\u00edgenas, los j\u00f3venes y la vida salvaje en una conversaci\u00f3n con el mism\u00edsimo papa Francisco. Este documental los seguir\u00e1 hasta Roma, donde ver\u00e1s las extraordinarias experiencias que vivieron all\u00ed. Adem\u00e1s, el film est\u00e1 repleto de conmovedoras y poderosas historias personales y de la informaci\u00f3n m\u00e1s reciente sobre la crisis ambiental y el da\u00f1o que esta causa en la naturaleza y en la gente.<\/span><\/p>\n<p><span style=\"color: #000000;\">Para saber m\u00e1s sobre los protagonistas y sobre c\u00f3mo puedes ponerte en acci\u00f3n visita <a href=\"https:\/\/TheLetterFilm.org\">https:\/\/TheLetterFilm.org<\/a><\/span><\/p>\n<p><span style=\"color: #000000;\">Porque, como dice la presidenta del Movimiento Laudato Si&#8217;, Lorna Gold: &#8220;Una vez que te enteras, NO PUEDES hacer la vista gorda&#8221;. #LaudatoSiFilm<\/span><\/p>\n<p>\u00a0<\/p>\n<p>\u00a0<\/p>\n<p>\u00a0<\/p>\n<p>\u00a0<\/p>\n<p><\/p>\t\t\t\t\t\t\t\t<\/div>\n\t\t\t\t<\/div>\n\t\t\t\t\t<\/div>\n\t\t<\/div>\n\t\t\t\t\t<\/div>\n\t\t<\/section>\n\t\t\t\t<\/div>\n\t\t<!-- AddThis Advanced Settings generic via filter on the_content --><!-- AddThis Share Buttons generic via filter on the_content -->","protected":false},"excerpt":{"rendered":"<p>YouTube disponible la pel\u00edcula &#8220;La Carta&#8221;: https:\/\/youtu.be\/Rps9bs85BII The Letter -La Carta en idioma espa\u00f1ol- cuenta la historia del llamado del Papa a cuidar nuestro planeta. [&hellip;]<!-- AddThis Advanced Settings generic via filter on get_the_excerpt --><!-- AddThis Share Buttons generic via filter on get_the_excerpt --><\/p>\n","protected":false},"author":2,"featured_media":17145,"comment_status":"open","ping_status":"open","sticky":false,"template":"","format":"standard","meta":{"footnotes":""},"categories":[161],"tags":[],"class_list":["post-17127","post","type-post","status-publish","format-standard","has-post-thumbnail","hentry","category-el-papa-leonxiv"],"_links":{"self":[{"href":"https:\/\/obispadodezaratecampana.org\/index.php?rest_route=\/wp\/v2\/posts\/17127","targetHints":{"allow":["GET"]}}],"collection":[{"href":"https:\/\/obispadodezaratecampana.org\/index.php?rest_route=\/wp\/v2\/posts"}],"about":[{"href":"https:\/\/obispadodezaratecampana.org\/index.php?rest_route=\/wp\/v2\/types\/post"}],"author":[{"embeddable":true,"href":"https:\/\/obispadodezaratecampana.org\/index.php?rest_route=\/wp\/v2\/users\/2"}],"replies":[{"embeddable":true,"href":"https:\/\/obispadodezaratecampana.org\/index.php?rest_route=%2Fwp%2Fv2%2Fcomments&post=17127"}],"version-history":[{"count":11,"href":"https:\/\/obispadodezaratecampana.org\/index.php?rest_route=\/wp\/v2\/posts\/17127\/revisions"}],"predecessor-version":[{"id":17143,"href":"https:\/\/obispadodezaratecampana.org\/index.php?rest_route=\/wp\/v2\/posts\/17127\/revisions\/17143"}],"wp:featuredmedia":[{"embeddable":true,"href":"https:\/\/obispadodezaratecampana.org\/index.php?rest_route=\/wp\/v2\/media\/17145"}],"wp:attachment":[{"href":"https:\/\/obispadodezaratecampana.org\/index.php?rest_route=%2Fwp%2Fv2%2Fmedia&parent=17127"}],"wp:term":[{"taxonomy":"category","embeddable":true,"href":"https:\/\/obispadodezaratecampana.org\/index.php?rest_route=%2Fwp%2Fv2%2Fcategories&post=17127"},{"taxonomy":"post_tag","embeddable":true,"href":"https:\/\/obispadodezaratecampana.org\/index.php?rest_route=%2Fwp%2Fv2%2Ftags&post=17127"}],"curies":[{"name":"wp","href":"https:\/\/api.w.org\/{rel}","templated":true}]}}