{"id":17072,"date":"2023-05-28T13:01:04","date_gmt":"2023-05-28T16:01:04","guid":{"rendered":"http:\/\/obispadodezaratecampana.org\/?p=17072"},"modified":"2023-05-28T15:31:13","modified_gmt":"2023-05-28T18:31:13","slug":"pentecostes-domingo-28-de-mayo-2023","status":"publish","type":"post","link":"https:\/\/obispadodezaratecampana.org\/?p=17072","title":{"rendered":"\u00a1Esp\u00edritu Santo ven! Pentecost\u00e9s 2023"},"content":{"rendered":"\t\t<div data-elementor-type=\"wp-post\" data-elementor-id=\"17072\" class=\"elementor elementor-17072\">\n\t\t\t\t\t\t<section class=\"elementor-section elementor-top-section elementor-element elementor-element-6c256473 elementor-section-boxed elementor-section-height-default elementor-section-height-default\" data-id=\"6c256473\" data-element_type=\"section\" data-e-type=\"section\">\n\t\t\t\t\t\t<div class=\"elementor-container elementor-column-gap-default\">\n\t\t\t\t\t<div class=\"elementor-column elementor-col-100 elementor-top-column elementor-element elementor-element-554b51bb\" data-id=\"554b51bb\" data-element_type=\"column\" data-e-type=\"column\">\n\t\t\t<div class=\"elementor-widget-wrap elementor-element-populated\">\n\t\t\t\t\t\t<div class=\"elementor-element elementor-element-59bca4a4 elementor-widget elementor-widget-text-editor\" data-id=\"59bca4a4\" data-element_type=\"widget\" data-e-type=\"widget\" data-widget_type=\"text-editor.default\">\n\t\t\t\t<div class=\"elementor-widget-container\">\n\t\t\t\t\t\t\t\t\t<p><\/p>\n<p><strong><em>&#8220;Hago una invitaci\u00f3n urgente a un nuevo di\u00e1logo sobre el modo como estamos construyendo el futuro del planeta. Necesitamos una conversaci\u00f3n que nos una a todos, porque el desaf\u00edo ambiental que vivimos, y sus ra\u00edces humanas, nos interesan y nos impactan a todos. El movimiento ecol\u00f3gico mundial ya ha recorrido un largo y rico camino, y ha generado numerosas agrupaciones ciudadanas que ayudaron a la concientizaci\u00f3n. Lamentablemente, muchos esfuerzos para buscar soluciones concretas a la crisis ambiental suelen ser frustrados no s\u00f3lo por el rechazo de los poderosos, sino tambi\u00e9n por la falta de inter\u00e9s de los dem\u00e1s.<\/em><\/strong><\/p>\n<p><strong><em style=\"font-family: var( --e-global-typography-text-font-family ), Sans-serif;\">Las actitudes que obstruyen los caminos de soluci\u00f3n, aun entre los creyentes, van de la negaci\u00f3n del problema a la indiferencia, la resignaci\u00f3n c\u00f3moda o la confianza ciega en las soluciones t\u00e9cnicas. Necesitamos una solidaridad universal nueva.&#8221;<\/em><\/strong><\/p>\n<p><strong><em><\/em><\/strong><\/p>\n<p><em>Apartado 14, Enc\u00edclica Laudado Si\u00b4. Papa Francisco.<\/em><\/p>\n<p>Querida Familia diocesana:<\/p>\n<p>La Semana Laudato Si&#8217; 2023 se celebr\u00f3 entre 21 al 28 de mayo con la pel\u00edcula \u201cLa Carta\u201d para conmemorar el octavo aniversario de la hist\u00f3rica enc\u00edclica del Papa Francisco sobre el cuidado de la creaci\u00f3n. Esta celebraci\u00f3n mundial culminada el Domingo de Pentecost\u00e9s uni\u00f3 a los cat\u00f3licos para compartir y celebrar el progreso logrado al dar vida a Laudato Si&#8217;, y mostrar c\u00f3mo los protagonistas de \u201cLa Carta\u201d ya lo est\u00e1n haciendo.<br \/>Estamos a tiempo de ser capaces de entender como vivir la &#8220;solidaridad universal nueva&#8221; de la que nos habla el Papa Francisco.<br \/>Les propongo que vean la pel\u00edcula &#8220;La Carta&#8221; -que se estren\u00f3 en 2022-, redescubran la enc\u00edclica Laudato Si\u00b4 y aprovechen todos los recursos que existen al respecto para que el fuego del amor de Dios, renueve nuestras comunidades.<\/p>\n<p>Que el Esp\u00edritu Santo los colme con sus dones.\u00a0<\/p>\n<p>+ Pedro Laxague, Obispo de Z\u00e1rate-Campana<\/p>\n<p><span style=\"color: #808080;\"><em><strong>Recursos<\/strong><\/em><\/span><\/p>\n<p><span style=\"color: #808080;\"><em>Pel\u00edcula &#8220;La Carta&#8221; disponible en: <a style=\"color: #808080;\" href=\"http:\/\/www.theletterfilm.org\/watch\/\">http:\/\/www.theletterfilm.org\/watch\/<\/a><\/em><\/span><\/p>\n<p><span style=\"color: #808080;\"><em>P\u00e1gina Web semana Laudato Si\u00b42023: <a style=\"color: #808080;\" href=\"https:\/\/laudatosiweek.org\/#pll_switcher\">https:\/\/laudatosiweek.org\/#pll_switcher<\/a><\/em><\/span><\/p>\n<p><em><span style=\"color: #808080;\">Enc\u00edclica Laudato Si\u00b4: <\/span><a href=\"https:\/\/www.vatican.va\/content\/francesco\/es\/encyclicals\/documents\/papa-francesco_20150524_enciclica-laudato-si.html\"><span style=\"color: #808080;\">https:\/\/www.vatican.va\/content\/francesco\/es\/encyclicals\/documents\/papa-francesco_20150524_enciclica-laudato-si.html<\/span><\/a><\/em><\/p>\n<p>\u00a0<\/p>\n<p>\u00a0<\/p>\n<p>\u00a0<\/p>\n<p><\/p>\t\t\t\t\t\t\t\t<\/div>\n\t\t\t\t<\/div>\n\t\t\t\t\t<\/div>\n\t\t<\/div>\n\t\t\t\t\t<\/div>\n\t\t<\/section>\n\t\t\t\t<\/div>\n\t\t<!-- AddThis Advanced Settings generic via filter on the_content --><!-- AddThis Share Buttons generic via filter on the_content -->","protected":false},"excerpt":{"rendered":"<p>&#8220;Hago una invitaci\u00f3n urgente a un nuevo di\u00e1logo sobre el modo como estamos construyendo el futuro del planeta. Necesitamos una conversaci\u00f3n que nos una a [&hellip;]<!-- AddThis Advanced Settings generic via filter on get_the_excerpt --><!-- AddThis Share Buttons generic via filter on get_the_excerpt --><\/p>\n","protected":false},"author":2,"featured_media":17149,"comment_status":"open","ping_status":"open","sticky":true,"template":"","format":"standard","meta":{"footnotes":""},"categories":[177],"tags":[],"class_list":["post-17072","post","type-post","status-publish","format-standard","has-post-thumbnail","hentry","category-diocesanas"],"_links":{"self":[{"href":"https:\/\/obispadodezaratecampana.org\/index.php?rest_route=\/wp\/v2\/posts\/17072","targetHints":{"allow":["GET"]}}],"collection":[{"href":"https:\/\/obispadodezaratecampana.org\/index.php?rest_route=\/wp\/v2\/posts"}],"about":[{"href":"https:\/\/obispadodezaratecampana.org\/index.php?rest_route=\/wp\/v2\/types\/post"}],"author":[{"embeddable":true,"href":"https:\/\/obispadodezaratecampana.org\/index.php?rest_route=\/wp\/v2\/users\/2"}],"replies":[{"embeddable":true,"href":"https:\/\/obispadodezaratecampana.org\/index.php?rest_route=%2Fwp%2Fv2%2Fcomments&post=17072"}],"version-history":[{"count":52,"href":"https:\/\/obispadodezaratecampana.org\/index.php?rest_route=\/wp\/v2\/posts\/17072\/revisions"}],"predecessor-version":[{"id":17153,"href":"https:\/\/obispadodezaratecampana.org\/index.php?rest_route=\/wp\/v2\/posts\/17072\/revisions\/17153"}],"wp:featuredmedia":[{"embeddable":true,"href":"https:\/\/obispadodezaratecampana.org\/index.php?rest_route=\/wp\/v2\/media\/17149"}],"wp:attachment":[{"href":"https:\/\/obispadodezaratecampana.org\/index.php?rest_route=%2Fwp%2Fv2%2Fmedia&parent=17072"}],"wp:term":[{"taxonomy":"category","embeddable":true,"href":"https:\/\/obispadodezaratecampana.org\/index.php?rest_route=%2Fwp%2Fv2%2Fcategories&post=17072"},{"taxonomy":"post_tag","embeddable":true,"href":"https:\/\/obispadodezaratecampana.org\/index.php?rest_route=%2Fwp%2Fv2%2Ftags&post=17072"}],"curies":[{"name":"wp","href":"https:\/\/api.w.org\/{rel}","templated":true}]}}