{"id":17026,"date":"2021-05-17T16:53:01","date_gmt":"2021-05-17T19:53:01","guid":{"rendered":"http:\/\/obispadodezaratecampana.org\/?p=17026"},"modified":"2021-05-17T16:54:06","modified_gmt":"2021-05-17T19:54:06","slug":"todos-con-maria-por-la-salud-del-pueblo-argentino","status":"publish","type":"post","link":"https:\/\/obispadodezaratecampana.org\/?p=17026","title":{"rendered":"Todos con Mar\u00eda por la Salud del Pueblo Argentino"},"content":{"rendered":"\n<p class=\"has-text-color\" style=\"color:#40066c\">TODOS CON MAR\u00cdA DE LUJ\u00c1N POR LA SALUD DEL PUEBLO ARGENTINO<\/p>\n\n\n\n<p class=\"has-text-color\" style=\"color:#40066c\">Como cada martes, este 18 de mayo a las 22 hs, invitados por nuestro Padre Obispo + Jorge Eduardo Scheinig, nos encontraremos virtualmente para rezar el Rosario, junto a nuestra Madre de Luj\u00e1n, pidi\u00e9ndole a Dios y a Ella, que nos regalen la salud para el pueblo argentino.Transmisi\u00f3n en vivo y en directo desde el Santuario Bas\u00edlica de Nuestra Se\u00f1ora de Luj\u00e1n, a trav\u00e9s de nuestros canales digitales habituales y los del Santuario de Luj\u00e1n, indicados en la publicaci\u00f3n. <\/p>\n\n\n\n<figure class=\"wp-block-gallery columns-1 is-cropped wp-block-gallery-1 is-layout-flex wp-block-gallery-is-layout-flex\"><ul class=\"blocks-gallery-grid\"><li class=\"blocks-gallery-item\"><figure><a href=\"http:\/\/obispadodezaratecampana.org\/wp-content\/uploads\/2021\/05\/187778741_758473451482291_3088193877358686928_n.jpg\"><img fetchpriority=\"high\" decoding=\"async\" width=\"917\" height=\"930\" src=\"http:\/\/obispadodezaratecampana.org\/wp-content\/uploads\/2021\/05\/187778741_758473451482291_3088193877358686928_n.jpg\" alt=\"\" data-id=\"17027\" data-full-url=\"http:\/\/obispadodezaratecampana.org\/wp-content\/uploads\/2021\/05\/187778741_758473451482291_3088193877358686928_n.jpg\" data-link=\"http:\/\/obispadodezaratecampana.org\/?attachment_id=17027\" class=\"wp-image-17027\" srcset=\"https:\/\/obispadodezaratecampana.org\/wp-content\/uploads\/2021\/05\/187778741_758473451482291_3088193877358686928_n.jpg 917w, https:\/\/obispadodezaratecampana.org\/wp-content\/uploads\/2021\/05\/187778741_758473451482291_3088193877358686928_n-296x300.jpg 296w, https:\/\/obispadodezaratecampana.org\/wp-content\/uploads\/2021\/05\/187778741_758473451482291_3088193877358686928_n-768x779.jpg 768w\" sizes=\"(max-width: 917px) 100vw, 917px\" \/><\/a><\/figure><\/li><\/ul><\/figure>\n<!-- AddThis Advanced Settings generic via filter on the_content --><!-- AddThis Share Buttons generic via filter on the_content -->","protected":false},"excerpt":{"rendered":"<p>TODOS CON MAR\u00cdA DE LUJ\u00c1N POR LA SALUD DEL PUEBLO ARGENTINO Como cada martes, este 18 de mayo a las 22 hs, invitados por nuestro [&hellip;]<!-- AddThis Advanced Settings generic via filter on get_the_excerpt --><!-- AddThis Share Buttons generic via filter on get_the_excerpt --><\/p>\n","protected":false},"author":2,"featured_media":17028,"comment_status":"open","ping_status":"open","sticky":false,"template":"","format":"standard","meta":{"footnotes":""},"categories":[5],"tags":[],"class_list":["post-17026","post","type-post","status-publish","format-standard","has-post-thumbnail","hentry","category-generales"],"_links":{"self":[{"href":"https:\/\/obispadodezaratecampana.org\/index.php?rest_route=\/wp\/v2\/posts\/17026","targetHints":{"allow":["GET"]}}],"collection":[{"href":"https:\/\/obispadodezaratecampana.org\/index.php?rest_route=\/wp\/v2\/posts"}],"about":[{"href":"https:\/\/obispadodezaratecampana.org\/index.php?rest_route=\/wp\/v2\/types\/post"}],"author":[{"embeddable":true,"href":"https:\/\/obispadodezaratecampana.org\/index.php?rest_route=\/wp\/v2\/users\/2"}],"replies":[{"embeddable":true,"href":"https:\/\/obispadodezaratecampana.org\/index.php?rest_route=%2Fwp%2Fv2%2Fcomments&post=17026"}],"version-history":[{"count":2,"href":"https:\/\/obispadodezaratecampana.org\/index.php?rest_route=\/wp\/v2\/posts\/17026\/revisions"}],"predecessor-version":[{"id":17030,"href":"https:\/\/obispadodezaratecampana.org\/index.php?rest_route=\/wp\/v2\/posts\/17026\/revisions\/17030"}],"wp:featuredmedia":[{"embeddable":true,"href":"https:\/\/obispadodezaratecampana.org\/index.php?rest_route=\/wp\/v2\/media\/17028"}],"wp:attachment":[{"href":"https:\/\/obispadodezaratecampana.org\/index.php?rest_route=%2Fwp%2Fv2%2Fmedia&parent=17026"}],"wp:term":[{"taxonomy":"category","embeddable":true,"href":"https:\/\/obispadodezaratecampana.org\/index.php?rest_route=%2Fwp%2Fv2%2Fcategories&post=17026"},{"taxonomy":"post_tag","embeddable":true,"href":"https:\/\/obispadodezaratecampana.org\/index.php?rest_route=%2Fwp%2Fv2%2Ftags&post=17026"}],"curies":[{"name":"wp","href":"https:\/\/api.w.org\/{rel}","templated":true}]}}