{"id":17022,"date":"2021-05-17T12:11:27","date_gmt":"2021-05-17T15:11:27","guid":{"rendered":"http:\/\/obispadodezaratecampana.org\/?p=17022"},"modified":"2021-05-17T12:12:52","modified_gmt":"2021-05-17T15:12:52","slug":"charla-por-zoom-preparacion-para-pentecostes","status":"publish","type":"post","link":"https:\/\/obispadodezaratecampana.org\/?p=17022","title":{"rendered":"Charla por Zoom: Preparaci\u00f3n para Pentecost\u00e9s"},"content":{"rendered":"\n<p>\u00bfSab\u00edas que se acerca la Solemnidad de Pentecost\u00e9s? En este d\u00eda Cristo, luego de resucitar y ascender a la derecha del Padre, cumple su promesa y env\u00eda el Esp\u00edritu Santo<img decoding=\"async\" height=\"16\" width=\"16\" alt=\"?\" src=\"https:\/\/static.xx.fbcdn.net\/images\/emoji.php\/v9\/tba\/1\/16\/1f54a.png\"><\/p>\n\n\n\n<p>Como preparaci\u00f3n para esta gran fiesta de la Iglesia, el grupo de universitarios Beato Pier Giorgio Frassati invita a todos los j\u00f3venes a compartir un encuentro virtual<img decoding=\"async\" height=\"16\" width=\"16\" alt=\"??\" src=\"https:\/\/static.xx.fbcdn.net\/images\/emoji.php\/v9\/t8a\/1\/16\/1f447_1f3fb.png\"><\/p>\n\n\n\n<p><img decoding=\"async\" height=\"16\" width=\"16\" alt=\"?\" src=\"https:\/\/static.xx.fbcdn.net\/images\/emoji.php\/v9\/tff\/1\/16\/1f4c6.png\">Martes 18<br><img loading=\"lazy\" decoding=\"async\" height=\"16\" width=\"16\" alt=\"\u23f0\" src=\"https:\/\/static.xx.fbcdn.net\/images\/emoji.php\/v9\/t34\/1\/16\/23f0.png\">18.30hs<br><img loading=\"lazy\" decoding=\"async\" height=\"16\" width=\"16\" alt=\"?\" src=\"https:\/\/static.xx.fbcdn.net\/images\/emoji.php\/v9\/td8\/1\/16\/1f4f2.png\">V\u00eda Zoom<\/p>\n\n\n\n<p>Monse\u00f1or Justo, obispo auxiliar de nuestra di\u00f3cesis, dar\u00e1 una charla sobre este d\u00eda central para nuestra fe, \u00a1no te lo pod\u00e9s perder! <\/p>\n\n\n\n<p>Consulta en las redes de la Pastoral Juvenil Facebook e Instagram, los encontras como @pastoraljuvenilzc<\/p>\n\n\n\n<figure class=\"wp-block-gallery columns-0 is-cropped wp-block-gallery-1 is-layout-flex wp-block-gallery-is-layout-flex\"><ul class=\"blocks-gallery-grid\"><\/ul><\/figure>\n<!-- AddThis Advanced Settings generic via filter on the_content --><!-- AddThis Share Buttons generic via filter on the_content -->","protected":false},"excerpt":{"rendered":"<p>\u00bfSab\u00edas que se acerca la Solemnidad de Pentecost\u00e9s? En este d\u00eda Cristo, luego de resucitar y ascender a la derecha del Padre, cumple su promesa [&hellip;]<!-- AddThis Advanced Settings generic via filter on get_the_excerpt --><!-- AddThis Share Buttons generic via filter on get_the_excerpt --><\/p>\n","protected":false},"author":2,"featured_media":17023,"comment_status":"open","ping_status":"open","sticky":false,"template":"","format":"standard","meta":{"footnotes":""},"categories":[177],"tags":[],"class_list":["post-17022","post","type-post","status-publish","format-standard","has-post-thumbnail","hentry","category-diocesanas"],"_links":{"self":[{"href":"https:\/\/obispadodezaratecampana.org\/index.php?rest_route=\/wp\/v2\/posts\/17022","targetHints":{"allow":["GET"]}}],"collection":[{"href":"https:\/\/obispadodezaratecampana.org\/index.php?rest_route=\/wp\/v2\/posts"}],"about":[{"href":"https:\/\/obispadodezaratecampana.org\/index.php?rest_route=\/wp\/v2\/types\/post"}],"author":[{"embeddable":true,"href":"https:\/\/obispadodezaratecampana.org\/index.php?rest_route=\/wp\/v2\/users\/2"}],"replies":[{"embeddable":true,"href":"https:\/\/obispadodezaratecampana.org\/index.php?rest_route=%2Fwp%2Fv2%2Fcomments&post=17022"}],"version-history":[{"count":2,"href":"https:\/\/obispadodezaratecampana.org\/index.php?rest_route=\/wp\/v2\/posts\/17022\/revisions"}],"predecessor-version":[{"id":17025,"href":"https:\/\/obispadodezaratecampana.org\/index.php?rest_route=\/wp\/v2\/posts\/17022\/revisions\/17025"}],"wp:featuredmedia":[{"embeddable":true,"href":"https:\/\/obispadodezaratecampana.org\/index.php?rest_route=\/wp\/v2\/media\/17023"}],"wp:attachment":[{"href":"https:\/\/obispadodezaratecampana.org\/index.php?rest_route=%2Fwp%2Fv2%2Fmedia&parent=17022"}],"wp:term":[{"taxonomy":"category","embeddable":true,"href":"https:\/\/obispadodezaratecampana.org\/index.php?rest_route=%2Fwp%2Fv2%2Fcategories&post=17022"},{"taxonomy":"post_tag","embeddable":true,"href":"https:\/\/obispadodezaratecampana.org\/index.php?rest_route=%2Fwp%2Fv2%2Ftags&post=17022"}],"curies":[{"name":"wp","href":"https:\/\/api.w.org\/{rel}","templated":true}]}}